{"id":219565,"date":"2024-05-24T08:48:53","date_gmt":"2024-05-24T07:48:53","guid":{"rendered":"https:\/\/culturaorihuela.com\/?p=219565"},"modified":"2024-05-24T08:48:53","modified_gmt":"2024-05-24T07:48:53","slug":"orihuela-se-prepara-para-la-vuelta-de-los-murales-de-san-isidro","status":"publish","type":"post","link":"https:\/\/cultura.orihuela.es\/?p=219565","title":{"rendered":"Orihuela se prepara para la vuelta de los Murales de San Isidro"},"content":{"rendered":"<p>&nbsp;<\/p>\n<p><span style=\"font-weight: 400;\">El concejal de Cultura de Orihuela, Gonzalo Montoya, ha destacado hoy la importancia de los Murales de San Isidro en la vida cultural de la ciudad, anunciando su vuelta \u00abnuestro gran museo en la calle regresa tras un a\u00f1o de ausencia\u00bb, ha comentado el edil.<\/span><\/p>\n<p><span style=\"font-weight: 400;\">La X Edici\u00f3n de los Murales de San Isidro se ha presentado con la participaci\u00f3n del concejal de Cultura de Orihuela, junto a Eva Gea, directora del Colegio Jes\u00fas Mar\u00eda San Isidro, y Ana Liz\u00f3n, representante de los miembros de la plataforma Murales de San Isidro.\u00a0<\/span><\/p>\n<p><span style=\"font-weight: 400;\">Esta edici\u00f3n, que coincide con el D\u00eda Internacional de los Museos, el 18 de mayo, y las festividades del barrio de San Isidro, <\/span><span style=\"font-weight: 400;\">se llevar\u00e1n a cabo del 17 al 19 de mayo, y promete ofrecer un fin de semana lleno de actividades culturales diversas. Desde exposiciones de arte hasta conciertos en vivo, pasando por talleres interactivos, los Murales de San Isidro se han convertido en un punto de encuentro para los vecinos de Orihuela y una atracci\u00f3n tur\u00edstica destacada.<\/span><\/p>\n<p>&nbsp;<\/p>\n<p><span style=\"font-weight: 400;\">El edil de Cultura subray\u00f3 que los Murales son uno de los eventos m\u00e1s destacados de la ciudad de Orihuela y agreg\u00f3 que son \u00ab<\/span><span style=\"font-weight: 400;\">una expresi\u00f3n viva de Miguel Hern\u00e1ndez, donde su poes\u00eda y su vida inspiran a los artistas a plasmar su legado en las paredes del barrio de San Isidro\u201d.<\/span><\/p>\n<p>&nbsp;<\/p>\n<p><span style=\"font-weight: 400;\">El viernes 17 de mayo marcar\u00e1 el inicio de esta celebraci\u00f3n con la inauguraci\u00f3n oficial en el Parque San Isidro, seguido de una exposici\u00f3n sobre la vida y obra de Miguel Hern\u00e1ndez en el Colegio Jes\u00fas Mar\u00eda San Isidro. La jornada continuar\u00e1 con la recepci\u00f3n de artistas y la pintada de murales, acompa\u00f1ada de un pasacalles de la Agrupaci\u00f3n Musical Dacapo y un torneo de f\u00fatbol sala organizado por el C.F.P. Orihuela Deportiva. El d\u00eda concluir\u00e1 con conciertos en la Plaza de la Ermita y una sesi\u00f3n a cargo del DJ Sergio Salinas.<\/span><\/p>\n<p>&nbsp;<\/p>\n<p><span style=\"font-weight: 400;\">El s\u00e1bado 18 de mayo estar\u00e1 repleto de actividades que incluyen pintura de murales, exposiciones, torneos deportivos, fiestas infantiles y talleres para toda la familia.\u00a0<\/span><\/p>\n<p>&nbsp;<\/p>\n<p><span style=\"font-weight: 400;\">Adem\u00e1s, se llevar\u00e1 a cabo una ruta teatralizada por los Murales de San Isidro, para los amantes del arte. La jornada culminar\u00e1 con una serie de conciertos en la Plaza de la Ermita, con actuaciones de destacadas bandas locales.<\/span><\/p>\n<p>&nbsp;<\/p>\n<p><span style=\"font-weight: 400;\">El domingo 19 de mayo continuar\u00e1 la pintura de murales, junto con m\u00e1s exposiciones, talleres y actividades para disfrutar en familia. La jornada concluir\u00e1 con un emotivo concierto de cierre a cargo de \u00abAire Puro\u00bb en el Guernica, donde se dar\u00e1 el broche final a este fin de semana cultural.<\/span><\/p>\n<p>&nbsp;<\/p>\n<p><span style=\"font-weight: 400;\">Adem\u00e1s, se ofrecer\u00e1 un servicio de tren tur\u00edstico durante todo el fin de semana, permitiendo el transporte de los asistentes. <\/span><span style=\"font-weight: 400;\">Montoya destac\u00f3 que \u00abel servicio del tren tur\u00edstico facilitar\u00e1 el transporte entre las diferentes actividades y puntos de inter\u00e9s del evento, garantizando una experiencia c\u00f3moda y accesible para todos los asistentes\u00bb. Detall\u00f3 que el horario del servicio ser\u00e1 el viernes 17 de mayo de 16:00 a 22:00 horas, el s\u00e1bado de 10:00 a 14:00 horas y de 16:00 a 23:00 horas, y el domingo de 10:00 a 14:00 horas. El itinerario incluir\u00e1 paradas en Plaza de la Soledad, Calder\u00f3n de la Barca, Glorieta Gabriel Mir\u00f3, Ayuntamiento de Orihuela y Murales de San Isidro.<\/span><\/p>\n<p><span style=\"font-weight: 400;\">Aquellos artistas que deseen participar en la pintada de los murales deben enviar su inscripci\u00f3n a <\/span><a href=\"mailto:muralessanisidro@orihuela.es\"><span style=\"font-weight: 400;\">muralessanisidro@orihuela.es<\/span><\/a><span style=\"font-weight: 400;\">.<\/span><\/p>\n<p><span style=\"font-weight: 400;\">La inauguraci\u00f3n de la X Edici\u00f3n de los Murales de San Isidro est\u00e1 programada para el viernes a las 16:00 horas en el Parque de San Isidro.<\/span><\/p>\n<p><span style=\"font-weight: 400;\">Durante su intervenci\u00f3n, el concejal aprovech\u00f3 la ocasi\u00f3n para comunicar que \u00abla noche de los museos se celebrar\u00e1 m\u00e1s adelante\u00bb.<\/span><\/p>\n<p><span style=\"font-weight: 400;\">Finalmente, el edil de Cultura ha invitado a todos los vecinos para que se unan al esperado regreso de los Murales de San Isidro, un evento emblem\u00e1tico de la ciudad. \u00abOs esperamos con los brazos abiertos para que disfrut\u00e9is de este fin de semana \u00fanico\u00bb, expres\u00f3 Montoya. \u00abDesde la concejal\u00eda de Cultura lo hemos preparado con mucho entusiasmo, conscientes del significado especial que tiene este evento para nuestros vecinos y para la ciudad de Orihuela.\u00bb<\/span><\/p>\n<p><a href=\"https:\/\/cultura.orihuela.es\/wp-content\/uploads\/2024\/05\/Cartel-Murales-de-San-Isidro-1.jpeg\"><img loading=\"lazy\" decoding=\"async\" class=\"alignnone size-full wp-image-219567\" src=\"https:\/\/cultura.orihuela.es\/wp-content\/uploads\/2024\/05\/Cartel-Murales-de-San-Isidro-1.jpeg\" alt=\"\" width=\"1164\" height=\"1600\" srcset=\"https:\/\/cultura.orihuela.es\/wp-content\/uploads\/2024\/05\/Cartel-Murales-de-San-Isidro-1.jpeg 1164w, https:\/\/cultura.orihuela.es\/wp-content\/uploads\/2024\/05\/Cartel-Murales-de-San-Isidro-1-218x300.jpeg 218w, https:\/\/cultura.orihuela.es\/wp-content\/uploads\/2024\/05\/Cartel-Murales-de-San-Isidro-1-745x1024.jpeg 745w, https:\/\/cultura.orihuela.es\/wp-content\/uploads\/2024\/05\/Cartel-Murales-de-San-Isidro-1-768x1056.jpeg 768w, https:\/\/cultura.orihuela.es\/wp-content\/uploads\/2024\/05\/Cartel-Murales-de-San-Isidro-1-1117x1536.jpeg 1117w, https:\/\/cultura.orihuela.es\/wp-content\/uploads\/2024\/05\/Cartel-Murales-de-San-Isidro-1-9x12.jpeg 9w, https:\/\/cultura.orihuela.es\/wp-content\/uploads\/2024\/05\/Cartel-Murales-de-San-Isidro-1-1160x1595.jpeg 1160w, https:\/\/cultura.orihuela.es\/wp-content\/uploads\/2024\/05\/Cartel-Murales-de-San-Isidro-1-36x50.jpeg 36w, https:\/\/cultura.orihuela.es\/wp-content\/uploads\/2024\/05\/Cartel-Murales-de-San-Isidro-1-650x893.jpeg 650w, https:\/\/cultura.orihuela.es\/wp-content\/uploads\/2024\/05\/Cartel-Murales-de-San-Isidro-1-1000x1375.jpeg 1000w, https:\/\/cultura.orihuela.es\/wp-content\/uploads\/2024\/05\/Cartel-Murales-de-San-Isidro-1-50x69.jpeg 50w\" sizes=\"auto, (max-width: 1164px) 100vw, 1164px\" \/><\/a> <a href=\"https:\/\/cultura.orihuela.es\/wp-content\/uploads\/2024\/05\/Programacio\u0301n-Murales-de-San-Isidro-1.jpeg\"><img loading=\"lazy\" decoding=\"async\" class=\"alignnone size-full wp-image-219568\" src=\"https:\/\/cultura.orihuela.es\/wp-content\/uploads\/2024\/05\/Programacio\u0301n-Murales-de-San-Isidro-1.jpeg\" alt=\"\" width=\"1096\" height=\"1600\" srcset=\"https:\/\/cultura.orihuela.es\/wp-content\/uploads\/2024\/05\/Programacio\u0301n-Murales-de-San-Isidro-1.jpeg 1096w, https:\/\/cultura.orihuela.es\/wp-content\/uploads\/2024\/05\/Programacio\u0301n-Murales-de-San-Isidro-1-206x300.jpeg 206w, https:\/\/cultura.orihuela.es\/wp-content\/uploads\/2024\/05\/Programacio\u0301n-Murales-de-San-Isidro-1-701x1024.jpeg 701w, https:\/\/cultura.orihuela.es\/wp-content\/uploads\/2024\/05\/Programacio\u0301n-Murales-de-San-Isidro-1-768x1121.jpeg 768w, https:\/\/cultura.orihuela.es\/wp-content\/uploads\/2024\/05\/Programacio\u0301n-Murales-de-San-Isidro-1-1052x1536.jpeg 1052w, https:\/\/cultura.orihuela.es\/wp-content\/uploads\/2024\/05\/Programacio\u0301n-Murales-de-San-Isidro-1-8x12.jpeg 8w, https:\/\/cultura.orihuela.es\/wp-content\/uploads\/2024\/05\/Programacio\u0301n-Murales-de-San-Isidro-1-34x50.jpeg 34w, https:\/\/cultura.orihuela.es\/wp-content\/uploads\/2024\/05\/Programacio\u0301n-Murales-de-San-Isidro-1-650x949.jpeg 650w, https:\/\/cultura.orihuela.es\/wp-content\/uploads\/2024\/05\/Programacio\u0301n-Murales-de-San-Isidro-1-1000x1460.jpeg 1000w, https:\/\/cultura.orihuela.es\/wp-content\/uploads\/2024\/05\/Programacio\u0301n-Murales-de-San-Isidro-1-50x73.jpeg 50w\" sizes=\"auto, (max-width: 1096px) 100vw, 1096px\" \/><\/a><\/p>\n","protected":false},"excerpt":{"rendered":"<p>&nbsp; El concejal de Cultura de Orihuela, Gonzalo Montoya, ha destacado hoy la importancia de los Murales de San Isidro en la vida cultural de la ciudad, anunciando su vuelta<a href=\"https:\/\/cultura.orihuela.es\/?p=219565\" class=\"exp-read-more exp-read-more-dots\">&#8230;<\/a><\/p>\n","protected":false},"author":1,"featured_media":219566,"comment_status":"open","ping_status":"open","sticky":false,"template":"","format":"standard","meta":{"footnotes":""},"categories":[1],"tags":[],"yst_prominent_words":[906,1216,840,853,846,837,517,838,852,527],"class_list":["post-219565","post","type-post","status-publish","format-standard","has-post-thumbnail","hentry","category-sin-categoria"],"_links":{"self":[{"href":"https:\/\/cultura.orihuela.es\/index.php?rest_route=\/wp\/v2\/posts\/219565","targetHints":{"allow":["GET"]}}],"collection":[{"href":"https:\/\/cultura.orihuela.es\/index.php?rest_route=\/wp\/v2\/posts"}],"about":[{"href":"https:\/\/cultura.orihuela.es\/index.php?rest_route=\/wp\/v2\/types\/post"}],"author":[{"embeddable":true,"href":"https:\/\/cultura.orihuela.es\/index.php?rest_route=\/wp\/v2\/users\/1"}],"replies":[{"embeddable":true,"href":"https:\/\/cultura.orihuela.es\/index.php?rest_route=%2Fwp%2Fv2%2Fcomments&post=219565"}],"version-history":[{"count":1,"href":"https:\/\/cultura.orihuela.es\/index.php?rest_route=\/wp\/v2\/posts\/219565\/revisions"}],"predecessor-version":[{"id":219569,"href":"https:\/\/cultura.orihuela.es\/index.php?rest_route=\/wp\/v2\/posts\/219565\/revisions\/219569"}],"wp:featuredmedia":[{"embeddable":true,"href":"https:\/\/cultura.orihuela.es\/index.php?rest_route=\/wp\/v2\/media\/219566"}],"wp:attachment":[{"href":"https:\/\/cultura.orihuela.es\/index.php?rest_route=%2Fwp%2Fv2%2Fmedia&parent=219565"}],"wp:term":[{"taxonomy":"category","embeddable":true,"href":"https:\/\/cultura.orihuela.es\/index.php?rest_route=%2Fwp%2Fv2%2Fcategories&post=219565"},{"taxonomy":"post_tag","embeddable":true,"href":"https:\/\/cultura.orihuela.es\/index.php?rest_route=%2Fwp%2Fv2%2Ftags&post=219565"},{"taxonomy":"yst_prominent_words","embeddable":true,"href":"https:\/\/cultura.orihuela.es\/index.php?rest_route=%2Fwp%2Fv2%2Fyst_prominent_words&post=219565"}],"curies":[{"name":"wp","href":"https:\/\/api.w.org\/{rel}","templated":true}]}}