{"id":219553,"date":"2024-03-18T17:26:40","date_gmt":"2024-03-18T16:26:40","guid":{"rendered":"https:\/\/culturaorihuela.com\/?p=219553"},"modified":"2024-03-18T17:33:03","modified_gmt":"2024-03-18T16:33:03","slug":"orihuela-celebra-la-primavera-hernandiana","status":"publish","type":"post","link":"https:\/\/cultura.orihuela.es\/?p=219553","title":{"rendered":"Orihuela celebra la Primavera Hernandiana"},"content":{"rendered":"<p><span style=\"font-weight: 400;\">Durante los meses de marzo, abril y mayo, la ciudad de Orihuela se viste de poes\u00eda y cultura para conmemorar la memoria y la obra del poeta oriolano Miguel Hern\u00e1ndez. Con una serie de eventos organizados, el concejal de cultura, Gonzalo Montoya ha presentado hoy la programaci\u00f3n de la Primavera Hernandiana 2024.\u00a0<\/span><\/p>\n<p><span style=\"font-weight: 400;\">Desde el 15 de marzo hasta el 15 de abril, la Biblioteca Mar\u00eda Moliner alberga la exposici\u00f3n \u00abMiguel Hern\u00e1ndez: El tren de la esperanza\u00bb, una mirada \u00edntima a la vida y obra del poeta. Mientras tanto, la Casa Natal de Miguel Hern\u00e1ndez presenta la exposici\u00f3n \u00abPrimavera en Casa\u00bb, una oportunidad para sumergirse en el ambiente que inspir\u00f3 al poeta.\u00a0<\/span><\/p>\n<p><span style=\"font-weight: 400;\">Entre las fechas destacadas, el concejal de Cultura , resalt\u00f3 el jueves 21 de marzo, <\/span><b>D\u00eda Mundial de la Poes\u00eda<\/b><span style=\"font-weight: 400;\">, donde se llevar\u00e1 a cabo el reparto de cubre balcones adornados con versos de Miguel Hern\u00e1ndez en el edificio de la concejal\u00eda de cultura, as\u00ed como en la oficina de turismo de Orihuela y la Casa Museo Miguel Hern\u00e1ndez. Adem\u00e1s, se inaugurar\u00e1 la exposici\u00f3n \u00abLa poes\u00eda en l\u00ednea de Gregorio Prieto\u201d en el Rinc\u00f3n Hernandiano, seguida por un encuentro con los poetas del 27 en la Avenida Teodomiro de Orihuela, donde 5 actores y actrices dar\u00e1n vida a los poetas de esta generaci\u00f3n literaria.<\/span><\/p>\n<p><span style=\"font-weight: 400;\">El jueves 28 de marzo, en conmemoraci\u00f3n del<\/span><b> aniversario de la muerte del poeta, la Casa Museo Miguel Hern\u00e1ndez<\/b><span style=\"font-weight: 400;\"> ofrecer\u00e1 un horario de apertura especial y amplio. \u00abEs un d\u00eda bonito, jueves santo oriolano, para venir aqu\u00ed, en el marco de las visitas t\u00edpicas, venir a la Casa Museo y poder conmemorar ese d\u00eda tan especial, el aniversario del fallecimiento del poeta con una representaci\u00f3n vivida\u00bb, destac\u00f3 Montoya. La visita teatralizada \u201cPasi\u00f3n y Muerte del Poeta\u201d ser\u00e1 representada por el Grupo Teatro Expresi\u00f3n.<\/span><\/p>\n<p><span style=\"font-weight: 400;\">El mes de abril contin\u00faa con una serie de eventos que capturan la esencia de la poes\u00eda hernandiana. Desde la representaci\u00f3n teatral de \u00abPasi\u00f3n y Muerte del Poeta\u00bb hasta la exposici\u00f3n de bons\u00e1is en la Casa Museo del poeta, los residentes y visitantes tienen la oportunidad de explorar diversas expresiones art\u00edsticas que celebran la vida y obra del poeta.\u00a0<\/span><\/p>\n<p><span style=\"font-weight: 400;\">El Concejal de Cultura, Gonzalo Montoya, subray\u00f3 la importancia de la <\/span><b>Senda del Poeta<\/b><span style=\"font-weight: 400;\">, organizada por la Concejal\u00eda de Juventud y la Fundaci\u00f3n Miguel Hern\u00e1ndez, que se llevar\u00e1 a cabo el viernes 19 de abril.<\/span><\/p>\n<p><span style=\"font-weight: 400;\">El mes de mayo trae consigo una pl\u00e9tora de eventos po\u00e9ticos, desde recitales hasta presentaciones de libros, que celebran el legado de Miguel Hern\u00e1ndez. Destacan el recital en homenaje al poeta, \u00abSolo quien ama vuela\u00bb, y el concierto homenaje a cargo de la Camerata Piccolo Viol\u00edn.<\/span><\/p>\n<p><span style=\"font-weight: 400;\">Adem\u00e1s, Montoya anunci\u00f3 con entusiasmo la <\/span><b>vuelta de los Murales de San Isidro <\/b><span style=\"font-weight: 400;\">durante el \u00faltimo fin de semana de abril. \u00abSe recupera en ese \u00faltimo fin de semana de abril, la celebraci\u00f3n de los Murales de San Isidro, que adem\u00e1s de la rehabilitaci\u00f3n material del barrio, contribuye a llenarlo de vida y ambiente festivo en torno a la figura de nuestro poeta universal\u00bb, destac\u00f3 Montoya.<\/span><\/p>\n<p><span style=\"font-weight: 400;\">Por su parte, <\/span><b>Tom\u00e1s Serna,<\/b><span style=\"font-weight: 400;\"> director de la Casa Museo Miguel Hern\u00e1ndez, comparti\u00f3 detalles emocionantes sobre las exposiciones y eventos que tendr\u00e1n lugar en este emblem\u00e1tico lugar. Destac\u00f3 especialmente la exposici\u00f3n \u00abPoes\u00eda en L\u00ednea de Gregorio Prieto\u00bb, que marca la primera vez que el pintor y escritor manchego ser\u00e1 exhibido en la Casa Museo.<\/span><\/p>\n<p>&nbsp;<\/p>\n<p><span style=\"font-weight: 400;\">\u00abSolo quien ama vuela\u00bb, un recital especial, ser\u00e1 otro punto culminante de la Primavera Hernandiana, que se llevar\u00e1 a cabo en la Lonja, seg\u00fan anunci\u00f3 Serna, quien extendi\u00f3 una c\u00e1lida invitaci\u00f3n a toda la comunidad para asistir.<\/span><\/p>\n<p><span style=\"font-weight: 400;\">La primavera en Orihuela est\u00e1 impregnada del esp\u00edritu po\u00e9tico de Miguel Hern\u00e1ndez, record\u00e1ndonos la eterna relevancia de su obra. A trav\u00e9s de exposiciones, recitales, presentaciones y eventos tur\u00edsticos, la ciudad celebra la vida y el legado de uno de sus m\u00e1s grandes poetas.<\/span><\/p>\n<div id=\"attachment_219557\" style=\"width: 324px\" class=\"wp-caption alignnone\"><a href=\"https:\/\/cultura.orihuela.es\/wp-content\/uploads\/2024\/03\/PHOTO-2024-03-18-10-22-31.jpg\"><img loading=\"lazy\" decoding=\"async\" aria-describedby=\"caption-attachment-219557\" class=\" wp-image-219557\" src=\"https:\/\/cultura.orihuela.es\/wp-content\/uploads\/2024\/03\/PHOTO-2024-03-18-10-22-31.jpg\" alt=\"Programaci\u00f3n Primavera Hernandiana\" width=\"314\" height=\"314\" srcset=\"https:\/\/cultura.orihuela.es\/wp-content\/uploads\/2024\/03\/PHOTO-2024-03-18-10-22-31.jpg 1600w, https:\/\/cultura.orihuela.es\/wp-content\/uploads\/2024\/03\/PHOTO-2024-03-18-10-22-31-300x300.jpg 300w, https:\/\/cultura.orihuela.es\/wp-content\/uploads\/2024\/03\/PHOTO-2024-03-18-10-22-31-1024x1024.jpg 1024w, https:\/\/cultura.orihuela.es\/wp-content\/uploads\/2024\/03\/PHOTO-2024-03-18-10-22-31-150x150.jpg 150w, https:\/\/cultura.orihuela.es\/wp-content\/uploads\/2024\/03\/PHOTO-2024-03-18-10-22-31-768x768.jpg 768w, https:\/\/cultura.orihuela.es\/wp-content\/uploads\/2024\/03\/PHOTO-2024-03-18-10-22-31-1536x1536.jpg 1536w, https:\/\/cultura.orihuela.es\/wp-content\/uploads\/2024\/03\/PHOTO-2024-03-18-10-22-31-12x12.jpg 12w, https:\/\/cultura.orihuela.es\/wp-content\/uploads\/2024\/03\/PHOTO-2024-03-18-10-22-31-1160x1160.jpg 1160w, https:\/\/cultura.orihuela.es\/wp-content\/uploads\/2024\/03\/PHOTO-2024-03-18-10-22-31-50x50.jpg 50w, https:\/\/cultura.orihuela.es\/wp-content\/uploads\/2024\/03\/PHOTO-2024-03-18-10-22-31-650x650.jpg 650w, https:\/\/cultura.orihuela.es\/wp-content\/uploads\/2024\/03\/PHOTO-2024-03-18-10-22-31-1000x1000.jpg 1000w, https:\/\/cultura.orihuela.es\/wp-content\/uploads\/2024\/03\/PHOTO-2024-03-18-10-22-31-1320x1320.jpg 1320w\" sizes=\"auto, (max-width: 314px) 100vw, 314px\" \/><\/a><p id=\"caption-attachment-219557\" class=\"wp-caption-text\">Programaci\u00f3n Primavera Hernandiana<\/p><\/div>\n<p><a href=\"https:\/\/cultura.orihuela.es\/wp-content\/uploads\/2024\/03\/PHOTO-2024-03-18-10-22-32.jpg\"><img loading=\"lazy\" decoding=\"async\" class=\"alignnone wp-image-219559\" src=\"https:\/\/cultura.orihuela.es\/wp-content\/uploads\/2024\/03\/PHOTO-2024-03-18-10-22-32.jpg\" alt=\"\" width=\"334\" height=\"334\" srcset=\"https:\/\/cultura.orihuela.es\/wp-content\/uploads\/2024\/03\/PHOTO-2024-03-18-10-22-32.jpg 1600w, https:\/\/cultura.orihuela.es\/wp-content\/uploads\/2024\/03\/PHOTO-2024-03-18-10-22-32-300x300.jpg 300w, https:\/\/cultura.orihuela.es\/wp-content\/uploads\/2024\/03\/PHOTO-2024-03-18-10-22-32-1024x1024.jpg 1024w, https:\/\/cultura.orihuela.es\/wp-content\/uploads\/2024\/03\/PHOTO-2024-03-18-10-22-32-150x150.jpg 150w, https:\/\/cultura.orihuela.es\/wp-content\/uploads\/2024\/03\/PHOTO-2024-03-18-10-22-32-768x768.jpg 768w, https:\/\/cultura.orihuela.es\/wp-content\/uploads\/2024\/03\/PHOTO-2024-03-18-10-22-32-1536x1536.jpg 1536w, https:\/\/cultura.orihuela.es\/wp-content\/uploads\/2024\/03\/PHOTO-2024-03-18-10-22-32-12x12.jpg 12w, https:\/\/cultura.orihuela.es\/wp-content\/uploads\/2024\/03\/PHOTO-2024-03-18-10-22-32-1160x1160.jpg 1160w, https:\/\/cultura.orihuela.es\/wp-content\/uploads\/2024\/03\/PHOTO-2024-03-18-10-22-32-50x50.jpg 50w, https:\/\/cultura.orihuela.es\/wp-content\/uploads\/2024\/03\/PHOTO-2024-03-18-10-22-32-650x650.jpg 650w, https:\/\/cultura.orihuela.es\/wp-content\/uploads\/2024\/03\/PHOTO-2024-03-18-10-22-32-1000x1000.jpg 1000w, https:\/\/cultura.orihuela.es\/wp-content\/uploads\/2024\/03\/PHOTO-2024-03-18-10-22-32-1320x1320.jpg 1320w\" sizes=\"auto, (max-width: 334px) 100vw, 334px\" \/><\/a><a href=\"https:\/\/cultura.orihuela.es\/wp-content\/uploads\/2024\/03\/PHOTO-2024-03-18-10-22-33.jpg\"><img loading=\"lazy\" decoding=\"async\" class=\"alignnone wp-image-219560\" src=\"https:\/\/cultura.orihuela.es\/wp-content\/uploads\/2024\/03\/PHOTO-2024-03-18-10-22-33.jpg\" alt=\"\" width=\"331\" height=\"331\" srcset=\"https:\/\/cultura.orihuela.es\/wp-content\/uploads\/2024\/03\/PHOTO-2024-03-18-10-22-33.jpg 1600w, https:\/\/cultura.orihuela.es\/wp-content\/uploads\/2024\/03\/PHOTO-2024-03-18-10-22-33-300x300.jpg 300w, https:\/\/cultura.orihuela.es\/wp-content\/uploads\/2024\/03\/PHOTO-2024-03-18-10-22-33-1024x1024.jpg 1024w, https:\/\/cultura.orihuela.es\/wp-content\/uploads\/2024\/03\/PHOTO-2024-03-18-10-22-33-150x150.jpg 150w, https:\/\/cultura.orihuela.es\/wp-content\/uploads\/2024\/03\/PHOTO-2024-03-18-10-22-33-768x768.jpg 768w, https:\/\/cultura.orihuela.es\/wp-content\/uploads\/2024\/03\/PHOTO-2024-03-18-10-22-33-1536x1536.jpg 1536w, https:\/\/cultura.orihuela.es\/wp-content\/uploads\/2024\/03\/PHOTO-2024-03-18-10-22-33-12x12.jpg 12w, https:\/\/cultura.orihuela.es\/wp-content\/uploads\/2024\/03\/PHOTO-2024-03-18-10-22-33-1160x1160.jpg 1160w, https:\/\/cultura.orihuela.es\/wp-content\/uploads\/2024\/03\/PHOTO-2024-03-18-10-22-33-50x50.jpg 50w, https:\/\/cultura.orihuela.es\/wp-content\/uploads\/2024\/03\/PHOTO-2024-03-18-10-22-33-650x650.jpg 650w, https:\/\/cultura.orihuela.es\/wp-content\/uploads\/2024\/03\/PHOTO-2024-03-18-10-22-33-1000x1000.jpg 1000w, https:\/\/cultura.orihuela.es\/wp-content\/uploads\/2024\/03\/PHOTO-2024-03-18-10-22-33-1320x1320.jpg 1320w\" sizes=\"auto, (max-width: 331px) 100vw, 331px\" \/><\/a><img loading=\"lazy\" decoding=\"async\" class=\"alignnone wp-image-219558\" src=\"https:\/\/cultura.orihuela.es\/wp-content\/uploads\/2024\/03\/PHOTO-2024-03-18-10-22-32-2.jpg\" alt=\"\" width=\"323\" height=\"323\" srcset=\"https:\/\/cultura.orihuela.es\/wp-content\/uploads\/2024\/03\/PHOTO-2024-03-18-10-22-32-2.jpg 1600w, https:\/\/cultura.orihuela.es\/wp-content\/uploads\/2024\/03\/PHOTO-2024-03-18-10-22-32-2-300x300.jpg 300w, https:\/\/cultura.orihuela.es\/wp-content\/uploads\/2024\/03\/PHOTO-2024-03-18-10-22-32-2-1024x1024.jpg 1024w, https:\/\/cultura.orihuela.es\/wp-content\/uploads\/2024\/03\/PHOTO-2024-03-18-10-22-32-2-150x150.jpg 150w, https:\/\/cultura.orihuela.es\/wp-content\/uploads\/2024\/03\/PHOTO-2024-03-18-10-22-32-2-768x768.jpg 768w, https:\/\/cultura.orihuela.es\/wp-content\/uploads\/2024\/03\/PHOTO-2024-03-18-10-22-32-2-1536x1536.jpg 1536w, https:\/\/cultura.orihuela.es\/wp-content\/uploads\/2024\/03\/PHOTO-2024-03-18-10-22-32-2-12x12.jpg 12w, https:\/\/cultura.orihuela.es\/wp-content\/uploads\/2024\/03\/PHOTO-2024-03-18-10-22-32-2-1160x1160.jpg 1160w, https:\/\/cultura.orihuela.es\/wp-content\/uploads\/2024\/03\/PHOTO-2024-03-18-10-22-32-2-50x50.jpg 50w, https:\/\/cultura.orihuela.es\/wp-content\/uploads\/2024\/03\/PHOTO-2024-03-18-10-22-32-2-650x650.jpg 650w, https:\/\/cultura.orihuela.es\/wp-content\/uploads\/2024\/03\/PHOTO-2024-03-18-10-22-32-2-1000x1000.jpg 1000w, https:\/\/cultura.orihuela.es\/wp-content\/uploads\/2024\/03\/PHOTO-2024-03-18-10-22-32-2-1320x1320.jpg 1320w\" sizes=\"auto, (max-width: 323px) 100vw, 323px\" \/><\/p>\n","protected":false},"excerpt":{"rendered":"<p>Durante los meses de marzo, abril y mayo, la ciudad de Orihuela se viste de poes\u00eda y cultura para conmemorar la memoria y la obra del poeta oriolano Miguel Hern\u00e1ndez.<a href=\"https:\/\/cultura.orihuela.es\/?p=219553\" class=\"exp-read-more exp-read-more-dots\">&#8230;<\/a><\/p>\n","protected":false},"author":1,"featured_media":219562,"comment_status":"open","ping_status":"open","sticky":false,"template":"","format":"standard","meta":{"footnotes":""},"categories":[1],"tags":[],"yst_prominent_words":[979,975,972,1216,630,969,517,980,976,664,968],"class_list":["post-219553","post","type-post","status-publish","format-standard","has-post-thumbnail","hentry","category-sin-categoria"],"_links":{"self":[{"href":"https:\/\/cultura.orihuela.es\/index.php?rest_route=\/wp\/v2\/posts\/219553","targetHints":{"allow":["GET"]}}],"collection":[{"href":"https:\/\/cultura.orihuela.es\/index.php?rest_route=\/wp\/v2\/posts"}],"about":[{"href":"https:\/\/cultura.orihuela.es\/index.php?rest_route=\/wp\/v2\/types\/post"}],"author":[{"embeddable":true,"href":"https:\/\/cultura.orihuela.es\/index.php?rest_route=\/wp\/v2\/users\/1"}],"replies":[{"embeddable":true,"href":"https:\/\/cultura.orihuela.es\/index.php?rest_route=%2Fwp%2Fv2%2Fcomments&post=219553"}],"version-history":[{"count":3,"href":"https:\/\/cultura.orihuela.es\/index.php?rest_route=\/wp\/v2\/posts\/219553\/revisions"}],"predecessor-version":[{"id":219561,"href":"https:\/\/cultura.orihuela.es\/index.php?rest_route=\/wp\/v2\/posts\/219553\/revisions\/219561"}],"wp:featuredmedia":[{"embeddable":true,"href":"https:\/\/cultura.orihuela.es\/index.php?rest_route=\/wp\/v2\/media\/219562"}],"wp:attachment":[{"href":"https:\/\/cultura.orihuela.es\/index.php?rest_route=%2Fwp%2Fv2%2Fmedia&parent=219553"}],"wp:term":[{"taxonomy":"category","embeddable":true,"href":"https:\/\/cultura.orihuela.es\/index.php?rest_route=%2Fwp%2Fv2%2Fcategories&post=219553"},{"taxonomy":"post_tag","embeddable":true,"href":"https:\/\/cultura.orihuela.es\/index.php?rest_route=%2Fwp%2Fv2%2Ftags&post=219553"},{"taxonomy":"yst_prominent_words","embeddable":true,"href":"https:\/\/cultura.orihuela.es\/index.php?rest_route=%2Fwp%2Fv2%2Fyst_prominent_words&post=219553"}],"curies":[{"name":"wp","href":"https:\/\/api.w.org\/{rel}","templated":true}]}}