{"id":219548,"date":"2024-03-12T17:43:55","date_gmt":"2024-03-12T16:43:55","guid":{"rendered":"https:\/\/culturaorihuela.com\/?p=219548"},"modified":"2024-03-12T17:43:55","modified_gmt":"2024-03-12T16:43:55","slug":"orihuela-se-prepara-para-el-primer-festival-de-grandes-compositores-en-honor-a-verdi","status":"publish","type":"post","link":"https:\/\/cultura.orihuela.es\/?p=219548","title":{"rendered":"Orihuela se prepara para el Primer Festival de Grandes Compositores en honor a Verdi"},"content":{"rendered":"<p><span style=\"font-weight: 400;\">Del 14 al 21 de marzo, Orihuela, junto con Alicante y Elche, ser\u00e1 el escenario <\/span><b>del primer festival de grandes compositores<\/b><span style=\"font-weight: 400;\"> ,certamen de m\u00fasica dedicado, en esta primera edici\u00f3n, a<\/span><b> Giuseppe Verdi en conmemoraci\u00f3n del 150 aniversario<\/b><span style=\"font-weight: 400;\"> de su Requiem, gracias a la concejal\u00eda de cultura.<\/span><\/p>\n<p><span style=\"font-weight: 400;\">Este festival ofrecer\u00e1 <\/span><b>tres grandiosos conciertos <\/b><span style=\"font-weight: 400;\">del Requiem de Verdi en ubicaciones emblem\u00e1ticas como la Concatedral de San Nicol\u00e1s de Alicante, la Bas\u00edlica de Santa Mar\u00eda de Elche y, destacando especialmente, la parroquia de las Santas Justa y Rufina en Orihuela.<\/span><\/p>\n<p><span style=\"font-weight: 400;\">\u201cDesde la Concejal\u00eda de Cultura del Ayuntamiento de Orihuela, hemos querido participar junto a los municipios de Alicante y Elche en este festival de grandes compositores. <\/span><b>Es una oportunidad de poner a Orihuel<\/b><span style=\"font-weight: 400;\">a, nuestra ciudad, <\/span><b>en la primera l\u00ednea de la m\u00fasica cl\u00e1sica<\/b><span style=\"font-weight: 400;\">, del patrimonio musical cultural y de la interpretaci\u00f3n instrumental de primer nivel en nuestra provincia y en el conjunto de Espa\u00f1a\u00bb, explica el concejal de Cultura, Gonzalo Montoya.<\/span><\/p>\n<p><span style=\"font-weight: 400;\">El <\/span><b>domingo 17 de marzo<\/b><span style=\"font-weight: 400;\"> a las 20:00h en la <\/span><b>parroquia de las Santas Justa y Rufina de Orihuela<\/b><span style=\"font-weight: 400;\">, el R\u00e9quiem de Verdi <\/span><b>resonar\u00e1<\/b><span style=\"font-weight: 400;\"> en todo su esplendor. Participar\u00e1 el coro y la orquesta de la UNED-Elche, la Orquesta Barroca Valenciana, la Coral Veus d\u2019Elx y el Coro Discantus de Murcia, junto con destacados solistas como Carmen Mu\u00f1oz, Blanca Valido, Jos\u00e9 Manuel Delicado y David Cervera, bajo la direcci\u00f3n magistral de Manuel Ramos.<\/span><\/p>\n<p><span style=\"font-weight: 400;\">Adem\u00e1s, el mi\u00e9rcoles 20 de marzo, se llevar\u00e1 a cabo la conferencia <\/span><b>\u00abLa M\u00fasica Sacra de Verdi: Un R\u00e9quiem Italiano\u00bb,<\/b><span style=\"font-weight: 400;\"> impartida por Francisco Rodilla Le\u00f3n, presidente de la Sociedad Espa\u00f1ola de Musicolog\u00eda. Este evento tendr\u00e1 lugar en la biblioteca Fernando de Loaces de Orihuela a las 18:00h.<\/span><\/p>\n<p>&nbsp;<\/p>\n","protected":false},"excerpt":{"rendered":"<p>Del 14 al 21 de marzo, Orihuela, junto con Alicante y Elche, ser\u00e1 el escenario del primer festival de grandes compositores ,certamen de m\u00fasica dedicado, en esta primera edici\u00f3n, a<a href=\"https:\/\/cultura.orihuela.es\/?p=219548\" class=\"exp-read-more exp-read-more-dots\">&#8230;<\/a><\/p>\n","protected":false},"author":1,"featured_media":219549,"comment_status":"open","ping_status":"open","sticky":false,"template":"","format":"standard","meta":{"footnotes":""},"categories":[1],"tags":[],"yst_prominent_words":[2285,539,666,2255,936,943,1027,834,694,526,716],"class_list":["post-219548","post","type-post","status-publish","format-standard","has-post-thumbnail","hentry","category-sin-categoria"],"_links":{"self":[{"href":"https:\/\/cultura.orihuela.es\/index.php?rest_route=\/wp\/v2\/posts\/219548","targetHints":{"allow":["GET"]}}],"collection":[{"href":"https:\/\/cultura.orihuela.es\/index.php?rest_route=\/wp\/v2\/posts"}],"about":[{"href":"https:\/\/cultura.orihuela.es\/index.php?rest_route=\/wp\/v2\/types\/post"}],"author":[{"embeddable":true,"href":"https:\/\/cultura.orihuela.es\/index.php?rest_route=\/wp\/v2\/users\/1"}],"replies":[{"embeddable":true,"href":"https:\/\/cultura.orihuela.es\/index.php?rest_route=%2Fwp%2Fv2%2Fcomments&post=219548"}],"version-history":[{"count":1,"href":"https:\/\/cultura.orihuela.es\/index.php?rest_route=\/wp\/v2\/posts\/219548\/revisions"}],"predecessor-version":[{"id":219550,"href":"https:\/\/cultura.orihuela.es\/index.php?rest_route=\/wp\/v2\/posts\/219548\/revisions\/219550"}],"wp:featuredmedia":[{"embeddable":true,"href":"https:\/\/cultura.orihuela.es\/index.php?rest_route=\/wp\/v2\/media\/219549"}],"wp:attachment":[{"href":"https:\/\/cultura.orihuela.es\/index.php?rest_route=%2Fwp%2Fv2%2Fmedia&parent=219548"}],"wp:term":[{"taxonomy":"category","embeddable":true,"href":"https:\/\/cultura.orihuela.es\/index.php?rest_route=%2Fwp%2Fv2%2Fcategories&post=219548"},{"taxonomy":"post_tag","embeddable":true,"href":"https:\/\/cultura.orihuela.es\/index.php?rest_route=%2Fwp%2Fv2%2Ftags&post=219548"},{"taxonomy":"yst_prominent_words","embeddable":true,"href":"https:\/\/cultura.orihuela.es\/index.php?rest_route=%2Fwp%2Fv2%2Fyst_prominent_words&post=219548"}],"curies":[{"name":"wp","href":"https:\/\/api.w.org\/{rel}","templated":true}]}}