{"id":219544,"date":"2024-03-05T11:15:32","date_gmt":"2024-03-05T10:15:32","guid":{"rendered":"https:\/\/culturaorihuela.com\/?p=219544"},"modified":"2024-03-05T11:15:32","modified_gmt":"2024-03-05T10:15:32","slug":"edicion-especial-en-la-sala-de-cineastas-de-orihuela-en-honor-a-alfonso-ortuno","status":"publish","type":"post","link":"https:\/\/cultura.orihuela.es\/?p=219544","title":{"rendered":"Edici\u00f3n especial en la Sala de Cineastas de Orihuela en honor a Alfonso Ortu\u00f1o"},"content":{"rendered":"<p><span style=\"font-weight: 400;\">Se proyect\u00f3 la pel\u00edcula \u00abDuerme, duerme, mi amor\u00bb de Francisco Regueiro.<\/span><\/p>\n<p><span style=\"font-weight: 400;\">En el espacio cultural de \u00abLa Lonja\u00bb se ha desarrollado un proyecto nacional, impulsado por la Concejal\u00eda de Cultura y organizado por la Uni\u00f3n de Cineastas. Este proyecto lleva en marcha desde septiembre de 2023 y se trata de proyecciones cinematogr\u00e1ficas que cuentan con la participaci\u00f3n de destacados directores y directoras.<\/span><\/p>\n<p><span style=\"font-weight: 400;\">En la pasada sesi\u00f3n del jueves 29 de febrero en la Lonja de Orihuela, se rindi\u00f3 homenaje a <\/span><b>Alfonso Ortu\u00f1o<\/b><span style=\"font-weight: 400;\">, recientemente nombrado Hijo Predilecto de Orihuela. Se proyect\u00f3 la pel\u00edcula \u00abDuerme, duerme, mi amor\u00bb de Francisco Regueiro. Adem\u00e1s, se present\u00f3 el cortometraje \u00abGigante\u00bb de Sebas Paladines,<\/span><b> filmado en nuestra propia ciudad<\/b><span style=\"font-weight: 400;\">. Alfonso Ortu\u00f1o y Sebas Paladines, participaron en una presentaci\u00f3n seguida de un coloquio con el p\u00fablico asistente.\u00a0<\/span><\/p>\n<p><b>La Sala de Cineastas en Orihuela<\/b><\/p>\n<p><span style=\"font-weight: 400;\">Iniciativa que se <\/span><b>celebra por primera vez en Orihuela <\/b><span style=\"font-weight: 400;\">se trata de un proyecto nacional dedicado a promover obras cinematogr\u00e1ficas con entrada gratuita. Al finalizar la proyecci\u00f3n tiene lugar una charla donde todos los asistentes pueden preguntar al director\/a y compartir impresiones sobre la pel\u00edcula.\u00a0<\/span><\/p>\n<p><span style=\"font-weight: 400;\">En las anteriores sesiones ha participado renombrados directores como JAIME CH\u00c1VARRI con su nueva pel\u00edcula estrenada a nivel nacional en 2023 o NELY REGUERA con su film estrenado en 2022. Esta iniciativa, pionera en Orihuela, ha sido recibida con entusiasmo por parte del p\u00fablico, <\/span><b>logrando completar el aforo en cada una de las sesiones.<\/b><\/p>\n<p><span style=\"font-weight: 400;\">Adem\u00e1s, con el <\/span><b>objetivo de promocionar el talento local,<\/b><span style=\"font-weight: 400;\"> en cada sesi\u00f3n se proyecta un cortometraje de un director de la Vega Baja.<\/span><\/p>\n<p><a href=\"https:\/\/cultura.orihuela.es\/wp-content\/uploads\/2024\/03\/WhatsApp-Image-2024-02-28-at-13.42.10.jpeg\"><img loading=\"lazy\" decoding=\"async\" class=\"alignnone size-full wp-image-219546\" src=\"https:\/\/cultura.orihuela.es\/wp-content\/uploads\/2024\/03\/WhatsApp-Image-2024-02-28-at-13.42.10.jpeg\" alt=\"\" width=\"1600\" height=\"1131\" srcset=\"https:\/\/cultura.orihuela.es\/wp-content\/uploads\/2024\/03\/WhatsApp-Image-2024-02-28-at-13.42.10.jpeg 1600w, https:\/\/cultura.orihuela.es\/wp-content\/uploads\/2024\/03\/WhatsApp-Image-2024-02-28-at-13.42.10-300x212.jpeg 300w, https:\/\/cultura.orihuela.es\/wp-content\/uploads\/2024\/03\/WhatsApp-Image-2024-02-28-at-13.42.10-1024x724.jpeg 1024w, https:\/\/cultura.orihuela.es\/wp-content\/uploads\/2024\/03\/WhatsApp-Image-2024-02-28-at-13.42.10-768x543.jpeg 768w, https:\/\/cultura.orihuela.es\/wp-content\/uploads\/2024\/03\/WhatsApp-Image-2024-02-28-at-13.42.10-1536x1086.jpeg 1536w, https:\/\/cultura.orihuela.es\/wp-content\/uploads\/2024\/03\/WhatsApp-Image-2024-02-28-at-13.42.10-18x12.jpeg 18w, https:\/\/cultura.orihuela.es\/wp-content\/uploads\/2024\/03\/WhatsApp-Image-2024-02-28-at-13.42.10-1160x820.jpeg 1160w, https:\/\/cultura.orihuela.es\/wp-content\/uploads\/2024\/03\/WhatsApp-Image-2024-02-28-at-13.42.10-71x50.jpeg 71w, https:\/\/cultura.orihuela.es\/wp-content\/uploads\/2024\/03\/WhatsApp-Image-2024-02-28-at-13.42.10-650x459.jpeg 650w, https:\/\/cultura.orihuela.es\/wp-content\/uploads\/2024\/03\/WhatsApp-Image-2024-02-28-at-13.42.10-1000x707.jpeg 1000w, https:\/\/cultura.orihuela.es\/wp-content\/uploads\/2024\/03\/WhatsApp-Image-2024-02-28-at-13.42.10-1320x933.jpeg 1320w, https:\/\/cultura.orihuela.es\/wp-content\/uploads\/2024\/03\/WhatsApp-Image-2024-02-28-at-13.42.10-50x35.jpeg 50w\" sizes=\"auto, (max-width: 1600px) 100vw, 1600px\" \/><\/a><\/p>\n<p>&nbsp;<\/p>\n","protected":false},"excerpt":{"rendered":"<p>Se proyect\u00f3 la pel\u00edcula \u00abDuerme, duerme, mi amor\u00bb de Francisco Regueiro. En el espacio cultural de \u00abLa Lonja\u00bb se ha desarrollado un proyecto nacional, impulsado por la Concejal\u00eda de Cultura<a href=\"https:\/\/cultura.orihuela.es\/?p=219544\" class=\"exp-read-more exp-read-more-dots\">&#8230;<\/a><\/p>\n","protected":false},"author":1,"featured_media":219545,"comment_status":"open","ping_status":"open","sticky":false,"template":"","format":"standard","meta":{"footnotes":""},"categories":[1],"tags":[],"yst_prominent_words":[1060,526,754,1725],"class_list":["post-219544","post","type-post","status-publish","format-standard","has-post-thumbnail","hentry","category-sin-categoria"],"_links":{"self":[{"href":"https:\/\/cultura.orihuela.es\/index.php?rest_route=\/wp\/v2\/posts\/219544","targetHints":{"allow":["GET"]}}],"collection":[{"href":"https:\/\/cultura.orihuela.es\/index.php?rest_route=\/wp\/v2\/posts"}],"about":[{"href":"https:\/\/cultura.orihuela.es\/index.php?rest_route=\/wp\/v2\/types\/post"}],"author":[{"embeddable":true,"href":"https:\/\/cultura.orihuela.es\/index.php?rest_route=\/wp\/v2\/users\/1"}],"replies":[{"embeddable":true,"href":"https:\/\/cultura.orihuela.es\/index.php?rest_route=%2Fwp%2Fv2%2Fcomments&post=219544"}],"version-history":[{"count":1,"href":"https:\/\/cultura.orihuela.es\/index.php?rest_route=\/wp\/v2\/posts\/219544\/revisions"}],"predecessor-version":[{"id":219547,"href":"https:\/\/cultura.orihuela.es\/index.php?rest_route=\/wp\/v2\/posts\/219544\/revisions\/219547"}],"wp:featuredmedia":[{"embeddable":true,"href":"https:\/\/cultura.orihuela.es\/index.php?rest_route=\/wp\/v2\/media\/219545"}],"wp:attachment":[{"href":"https:\/\/cultura.orihuela.es\/index.php?rest_route=%2Fwp%2Fv2%2Fmedia&parent=219544"}],"wp:term":[{"taxonomy":"category","embeddable":true,"href":"https:\/\/cultura.orihuela.es\/index.php?rest_route=%2Fwp%2Fv2%2Fcategories&post=219544"},{"taxonomy":"post_tag","embeddable":true,"href":"https:\/\/cultura.orihuela.es\/index.php?rest_route=%2Fwp%2Fv2%2Ftags&post=219544"},{"taxonomy":"yst_prominent_words","embeddable":true,"href":"https:\/\/cultura.orihuela.es\/index.php?rest_route=%2Fwp%2Fv2%2Fyst_prominent_words&post=219544"}],"curies":[{"name":"wp","href":"https:\/\/api.w.org\/{rel}","templated":true}]}}