{"id":219540,"date":"2023-11-23T12:10:37","date_gmt":"2023-11-23T11:10:37","guid":{"rendered":"https:\/\/culturaorihuela.com\/?p=219540"},"modified":"2023-11-23T12:10:37","modified_gmt":"2023-11-23T11:10:37","slug":"cultura-respalda-el-i-simposium-internacional-de-divulgacion-internacional-de-divulgacion-del-patrimonio-historico-en-el-arte-sacro-de-orihuela","status":"publish","type":"post","link":"https:\/\/cultura.orihuela.es\/?p=219540","title":{"rendered":"Cultura respalda el \u00abI Simposium Internacional de Divulgaci\u00f3n Internacional de Divulgaci\u00f3n del Patrimonio Hist\u00f3rico\u00bb en el Arte Sacro de Orihuela"},"content":{"rendered":"<p><span style=\"font-weight: 400;\">La Concejal\u00eda de Cultura del Ayuntamiento de Orihuela ha estado presente este mi\u00e9rcoles en la inauguraci\u00f3n del \u201cI Simposium Internacional de Investigaci\u00f3n y Divulgaci\u00f3n del Patrimonio Musical Hisp\u00e1nico\u201d organizado por el Museo Diocesano de Arte Sacro de Orihuela (sede del evento),\u00a0 el Cabildo Catedralicio de Orihuela y la C\u00e1tedra Arzobispo Loazes de la Universidad de Alicante, entre otros. El edil de Cultura, Gonzalo Montoya, ha resaltado la relevancia de Patrimonio Inmaterial, ya que\u00a0 \u201ces cultura que sigue viva y en movimiento y, parte de ese patrimonio es el patrimonio musical religioso. Una cuesti\u00f3n siempre a potenciar porque la m\u00fasica es un elemento de cultura universal que llega a todo el mundo\u201d. En ese sentido, es importante se\u00f1alar que se hizo coincidir este acontecimiento con la celebraci\u00f3n del D\u00eda de Santa Cecilia, patrona de los m\u00fasicos.\u00a0<\/span><\/p>\n<p><span style=\"font-weight: 400;\">El objetivo de este primer Simposium Internacional es el fomentar y difundir la investigaci\u00f3n hist\u00f3rica y musicol\u00f3gica del Patrimonio Musical Hisp\u00e1nico y su programaci\u00f3n fue completa (de 9 a 20 horas) con tres bloques tem\u00e1ticos: \u201cBloque I: Presentaci\u00f3n. El Patrimonio Hisp\u00e1nico\u201d, \u201cBloque II: Investigaci\u00f3n del Patrimonio Musical Hisp\u00e1nico\u201d y \u201cBloque III: Divulgaci\u00f3n del Patrimonio Musical Hisp\u00e1nico\u201d. Durante esta amplia completa se abordan diferentes temas como la investigaci\u00f3n del patrimonio musical, sus fuentes en manuscritos y tratados, la m\u00fasica en las catedrales, los \u00f3rganos hist\u00f3ricos o la iconograf\u00eda musical.<\/span><\/p>\n<p><span style=\"font-weight: 400;\">Otro elemento a destacar de este \u201cI Simposium Internacional de Investigaci\u00f3n y Divulgaci\u00f3n del Patrimonio Musical Hisp\u00e1nico\u201d es que ha contado con 22 ponencias y m\u00e1s de 70 participantes, entre ellos participantes de Francia hasta de Guinea Ecuatorial.<\/span><\/p>\n<p><span style=\"font-weight: 400;\">Se ha de poner en valor que este evento internacional se haya organizado en Orihuela, ya que la capital de la Vega Baja no s\u00f3lo conserva un rico patrimonio hist\u00f3rico, art\u00edstico y cultural, sino que tambi\u00e9n tiene archivos musicales de gran importancia como el perteneciente a la Catedral de Orihuela o un conjunto de \u00f3rganos hist\u00f3ricos \u00fanico.<\/span><\/p>\n<p><span style=\"font-weight: 400;\">Finalmente, desde la Concejal\u00eda de Cultura respaldamos\u00a0 la celebraci\u00f3n de este evento, valoramos positivamente\u00a0 la extraordinaria acogida que ha tenido y esperamos que se pueda volver a repetir en una nueva edici\u00f3n.<\/span><\/p>\n","protected":false},"excerpt":{"rendered":"<p>La Concejal\u00eda de Cultura del Ayuntamiento de Orihuela ha estado presente este mi\u00e9rcoles en la inauguraci\u00f3n del \u201cI Simposium Internacional de Investigaci\u00f3n y Divulgaci\u00f3n del Patrimonio Musical Hisp\u00e1nico\u201d organizado por<a href=\"https:\/\/cultura.orihuela.es\/?p=219540\" class=\"exp-read-more exp-read-more-dots\">&#8230;<\/a><\/p>\n","protected":false},"author":1,"featured_media":219541,"comment_status":"open","ping_status":"open","sticky":false,"template":"","format":"standard","meta":{"footnotes":""},"categories":[380],"tags":[],"yst_prominent_words":[539,1432],"class_list":["post-219540","post","type-post","status-publish","format-standard","has-post-thumbnail","hentry","category-noticias"],"_links":{"self":[{"href":"https:\/\/cultura.orihuela.es\/index.php?rest_route=\/wp\/v2\/posts\/219540","targetHints":{"allow":["GET"]}}],"collection":[{"href":"https:\/\/cultura.orihuela.es\/index.php?rest_route=\/wp\/v2\/posts"}],"about":[{"href":"https:\/\/cultura.orihuela.es\/index.php?rest_route=\/wp\/v2\/types\/post"}],"author":[{"embeddable":true,"href":"https:\/\/cultura.orihuela.es\/index.php?rest_route=\/wp\/v2\/users\/1"}],"replies":[{"embeddable":true,"href":"https:\/\/cultura.orihuela.es\/index.php?rest_route=%2Fwp%2Fv2%2Fcomments&post=219540"}],"version-history":[{"count":1,"href":"https:\/\/cultura.orihuela.es\/index.php?rest_route=\/wp\/v2\/posts\/219540\/revisions"}],"predecessor-version":[{"id":219542,"href":"https:\/\/cultura.orihuela.es\/index.php?rest_route=\/wp\/v2\/posts\/219540\/revisions\/219542"}],"wp:featuredmedia":[{"embeddable":true,"href":"https:\/\/cultura.orihuela.es\/index.php?rest_route=\/wp\/v2\/media\/219541"}],"wp:attachment":[{"href":"https:\/\/cultura.orihuela.es\/index.php?rest_route=%2Fwp%2Fv2%2Fmedia&parent=219540"}],"wp:term":[{"taxonomy":"category","embeddable":true,"href":"https:\/\/cultura.orihuela.es\/index.php?rest_route=%2Fwp%2Fv2%2Fcategories&post=219540"},{"taxonomy":"post_tag","embeddable":true,"href":"https:\/\/cultura.orihuela.es\/index.php?rest_route=%2Fwp%2Fv2%2Ftags&post=219540"},{"taxonomy":"yst_prominent_words","embeddable":true,"href":"https:\/\/cultura.orihuela.es\/index.php?rest_route=%2Fwp%2Fv2%2Fyst_prominent_words&post=219540"}],"curies":[{"name":"wp","href":"https:\/\/api.w.org\/{rel}","templated":true}]}}