{"id":219530,"date":"2023-11-17T20:21:26","date_gmt":"2023-11-17T19:21:26","guid":{"rendered":"https:\/\/culturaorihuela.com\/?p=219530"},"modified":"2023-11-17T20:21:26","modified_gmt":"2023-11-17T19:21:26","slug":"mas-de-treinta-cocineros-se-dan-cita-el-proximo-lunes-en-el-i-concurso-de-tapa-y-pinchos-comunidad-valenciana-orihuela-2023","status":"publish","type":"post","link":"https:\/\/cultura.orihuela.es\/?p=219530","title":{"rendered":"M\u00e1s de treinta cocineros se dan cita el pr\u00f3ximo lunes en el I Concurso de Tapa y Pinchos Comunidad Valenciana- Orihuela 2023"},"content":{"rendered":"<p>Los concejales de Comercio y Cultura, Vicente Pina y Gonzalo Montoya, respectivamente, han asistido este viernes a la presentaci\u00f3n de la primera edici\u00f3n del Concurso de Tapa y Pinchos Comunidad Valenciana-Orihuela 2023 que se celebrar\u00e1 el pr\u00f3ximo lunes 20 de noviembre en el Casino de Orihuela. Ambos han estado acompa\u00f1ados por el presidente de la Asociaci\u00f3n de Comerciantes de Orihuela (ACMO), Ascensio P\u00e9rez, as\u00ed como por el presidente de la Academia de la Tapa y el Pintxo (entidad organizadora), Mikel Mart\u00ednez.<\/p>\n<p>Durante la presentaci\u00f3n de este concurso, el presidente de ACMO ha destacado que \u201cel objetivo de este concurso es poner Orihuela en el mapa gastron\u00f3mico de la Comunidad Valenciana y por eso hoy es un d\u00eda importante porque ponemos en valor el comercio, la cultura, el turismo y la hosteler\u00eda\u201d.<\/p>\n<p>En este sentido, desde la Concejal\u00eda de Cultura \u201cestamos encantados de que Orihuela pueda ser el centro de la gastronom\u00eda de la Comunidad Valenciana, de poder utilizar estos eventos que nos sirven de escaparate para mostrar a todos el potencial gastron\u00f3mico que tiene nuestra ciudad y tambi\u00e9n mostrar nuestra gastronom\u00eda como un tesoro cultural\u00bb. \u00abEstos acontecimientos permiten ser un altavoz de nuestra cultura material e inmaterial, traer gente a ver nuestro rico patrimonio hist\u00f3rico y cultural, y dar a conocer nuestra gastronom\u00eda propia\u00bb, tal y como ha asegurado el edil Gonzalo Montoya.<\/p>\n<p>Seguidamente, el concejal de Comercio, Vicente Pina, ha explicado que este proyecto \u201cabarca toda la Comunidad Valenciana con cocineros de prestigio que participan en esta primera edici\u00f3n del concurso y lo que vamos a hacer el pr\u00f3ximo lunes es reconocer y valorar la capacidad de los hosteleros y cocineros de elaborar pinchos y tapas de nivel\u201d, mientras que adem\u00e1s ha insistido en la importancia \u201cde establecer v\u00ednculos con otras provincias que tambi\u00e9n colaboran en esta primera edici\u00f3n, como Ourense o Zamora\u201d.<\/p>\n<p>Por su parte, Mikel Mart\u00ednez ha manifestado que \u201ces un gran \u00e9xito cumplir nuestro objetivo de traer a la competici\u00f3n a 10 cocineros de Castell\u00f3n, 10 de Valencia y, aunque el objetivo tambi\u00e9n eran 10, ser\u00e1n 12 de Alicante, de ellos, tres de Orihuela. Otro motivo de orgullo para este Campeonato es unir tres zonas de nuestro pa\u00eds que gracias al tren est\u00e1n m\u00e1s cerca. Alicante, Zamora y Ourense se unen en esta competici\u00f3n gastron\u00f3mica para ense\u00f1ar cada uno sus cualidades e invitar a conocer sus ciudades. Ourense, gracias a su Diputaci\u00f3n va a entregar el primer premio 1.500\u20ac en vinos de la D.O. Ribeiro para el ganador. Zamora nos trae sus alimentos, que podr\u00e1n saborearse en la Cena del Campeonato a la que acudir\u00e1n todos los cocineros participantes e invitados. Y Orihuela (Alicante) ciudad anfitriona \u00a0abre sus puertas y recibe a todos los participantes\u201d.<\/p>\n<p>El certamen tendr\u00e1 dos sedes en lugares emblem\u00e1ticos de la ciudad, el Casino de Orihuela y el Hotel Sercotel Palacio de Tudemir. Los participantes podr\u00e1n ganar premios valorados en m\u00e1s de 3 mil euros en productos de las empresas patrocinadoras y colaboradoras. Adem\u00e1s, el jurado estar\u00e1 presidido por Mar\u00eda Jos\u00e9 Meda, propietaria y jefa de cocina de la Hospeder\u00eda El Bat\u00e1n (Estrella Michel\u00edn).<\/p>\n<p>&nbsp;<\/p>\n<p>&nbsp;<\/p>\n","protected":false},"excerpt":{"rendered":"<p>Los concejales de Comercio y Cultura, Vicente Pina y Gonzalo Montoya, respectivamente, han asistido este viernes a la presentaci\u00f3n de la primera edici\u00f3n del Concurso de Tapa y Pinchos Comunidad<a href=\"https:\/\/cultura.orihuela.es\/?p=219530\" class=\"exp-read-more exp-read-more-dots\">&#8230;<\/a><\/p>\n","protected":false},"author":1,"featured_media":219534,"comment_status":"open","ping_status":"open","sticky":false,"template":"","format":"standard","meta":{"footnotes":""},"categories":[380],"tags":[],"yst_prominent_words":[1742,1625,722,666,855,526,3078,1442],"class_list":["post-219530","post","type-post","status-publish","format-standard","has-post-thumbnail","hentry","category-noticias"],"_links":{"self":[{"href":"https:\/\/cultura.orihuela.es\/index.php?rest_route=\/wp\/v2\/posts\/219530","targetHints":{"allow":["GET"]}}],"collection":[{"href":"https:\/\/cultura.orihuela.es\/index.php?rest_route=\/wp\/v2\/posts"}],"about":[{"href":"https:\/\/cultura.orihuela.es\/index.php?rest_route=\/wp\/v2\/types\/post"}],"author":[{"embeddable":true,"href":"https:\/\/cultura.orihuela.es\/index.php?rest_route=\/wp\/v2\/users\/1"}],"replies":[{"embeddable":true,"href":"https:\/\/cultura.orihuela.es\/index.php?rest_route=%2Fwp%2Fv2%2Fcomments&post=219530"}],"version-history":[{"count":2,"href":"https:\/\/cultura.orihuela.es\/index.php?rest_route=\/wp\/v2\/posts\/219530\/revisions"}],"predecessor-version":[{"id":219535,"href":"https:\/\/cultura.orihuela.es\/index.php?rest_route=\/wp\/v2\/posts\/219530\/revisions\/219535"}],"wp:featuredmedia":[{"embeddable":true,"href":"https:\/\/cultura.orihuela.es\/index.php?rest_route=\/wp\/v2\/media\/219534"}],"wp:attachment":[{"href":"https:\/\/cultura.orihuela.es\/index.php?rest_route=%2Fwp%2Fv2%2Fmedia&parent=219530"}],"wp:term":[{"taxonomy":"category","embeddable":true,"href":"https:\/\/cultura.orihuela.es\/index.php?rest_route=%2Fwp%2Fv2%2Fcategories&post=219530"},{"taxonomy":"post_tag","embeddable":true,"href":"https:\/\/cultura.orihuela.es\/index.php?rest_route=%2Fwp%2Fv2%2Ftags&post=219530"},{"taxonomy":"yst_prominent_words","embeddable":true,"href":"https:\/\/cultura.orihuela.es\/index.php?rest_route=%2Fwp%2Fv2%2Fyst_prominent_words&post=219530"}],"curies":[{"name":"wp","href":"https:\/\/api.w.org\/{rel}","templated":true}]}}