{"id":219517,"date":"2023-09-01T17:31:02","date_gmt":"2023-09-01T16:31:02","guid":{"rendered":"https:\/\/culturaorihuela.com\/?p=219517"},"modified":"2023-09-01T17:31:02","modified_gmt":"2023-09-01T16:31:02","slug":"cultura-se-vuelca-con-las-fiestas-patronales-en-honor-a-la-virgen-de-monserrate","status":"publish","type":"post","link":"https:\/\/cultura.orihuela.es\/?p=219517","title":{"rendered":"Cultura se vuelca con las fiestas patronales en honor a la Virgen de Monserrate"},"content":{"rendered":"<p class=\"western\" align=\"justify\">La Concejal\u00eda de Cultura del Ayuntamiento de Orihuela ha presentado una potente y completa programaci\u00f3n de las fiestas patronales de la Virgen de Monserrate 2023. La edici\u00f3n de este a\u00f1o est\u00e1 compuesta por unas actividades muy variadas e interesantes y por un bonito cartel que representa a la perfecci\u00f3n a la ciudad de Orihuela y a su patrona. En total ser\u00e1n doce d\u00edas apasionantes de fiestas patronales (5-17 de septiembre).<\/p>\n<p align=\"justify\">Esta cantidad de actividades ha sido posible gracias al trabajo, organizaci\u00f3n y coordinaci\u00f3n de las Concejal\u00edas de Cultura, Turismo y\u00a0Festividades\u00a0del consistorio oriolano, as\u00ed como de la Diputaci\u00f3n de Alicante, Obispado Orihuela-Alicante, Museo Diocesano de Arte Sacro, UMH y Archicofrad\u00eda de Ntra. Sra. de Monserrate.<\/p>\n<p align=\"justify\"><b>Contenido cultural en las fiestas patronales<\/b><\/p>\n<p align=\"justify\">A la presentaci\u00f3n de este programa de fiestas han acudido el edil de Cultura, Gonzalo Montoya y Pablo Cuadrado, miembro de la Junta Rectora de la Archicofrad\u00eda de Ntra. Sra. de Monserrate.<\/p>\n<p align=\"justify\">Por un lado, el m\u00e1ximo representante de Cultura en el consistorio oriolano ha mostrado su satisfacci\u00f3n por lograr esta amplia e interesante programaci\u00f3n: \u00abDesde las Concejal\u00edas de Cultura y Turismo nos hemos sumado a los actos que ya se realizan tradicionalmente en las fiestas patronales desarrollando un programa completo y atractivo. Hemos realizado un cartel muy representativo de los signos que identifican a la patrona de Orihuela, imagen de la corona, con la campana, la Cruz de la Muela, el Santuario y el t\u00edpico farol del Trono de Bonacho de la patrona\u00bb.<\/p>\n<p align=\"justify\">Del mismo modo, ha destacado las principales novedades: \u00abEl 8 de septiembre, el d\u00eda de nuestra patrona, el recorrido de la Procesi\u00f3n General de la Virgen sale de la Catedral en direcci\u00f3n hacia el Puente Viejo porque a su paso por el Puente Nuevo y finalizando la procesi\u00f3n habr\u00e1 un gran espect\u00e1culo de fuegos artificiales coincidiendo con el paso de la Virgen. El concierto del d\u00eda 10 \u2018A la luz de las velas\u2019 es una oportunidad \u00fanica y especial de vivir y escuchar un concierto de m\u00fasica cl\u00e1sica con 3.000 candelas y con ese ambiente\u00bb.<\/p>\n<p align=\"justify\">Por \u00faltimo, Gonzalo Montoya ha puesto el \u00e9nfasis en el objetivo final de la Concejal\u00eda de Cultura con estas fiestas patronales: \u00abEl d\u00eda 12, tenemos el taller infantil \u00abDescubriendo a la Virgen de Monserrate, Nuestra Patrona\u00bb que sirve para que los ni\u00f1os tengan ese espacio de conocer a la Virgen y en definitiva dotar de un contenido cultural a las fiestas de septiembre. Tenemos un contenido m\u00e1s festivo en los Moros y Cristianos, un contenido m\u00e1s religioso en Semana Santa y queremos dotar de un contenido cultural a estas fiestas de septiembre para que el pueblo de Orihuela disfrutando conozca m\u00e1s la historia de su patrona y por ende de su ciudad\u00bb.<\/p>\n<p align=\"justify\"><b>Oportunidad \u00fanica de ver a las dos V\u00edrgenes de Monserrate juntas<\/b><\/p>\n<p align=\"justify\">Por otro lado, Pablo Navarro, ha resaltado que \u00abdesde la Archicofrad\u00eda queremos por primera vez invitar a todos los ni\u00f1os que han realizado la primera comuni\u00f3n este a\u00f1o para que acompa\u00f1en a su patrona en la Procesi\u00f3n General del 8 de septiembre\u00bb. Adem\u00e1s, el miembro de la Junta Rectora de la Archicofrad\u00eda Ntra. Sra. de Monserrate ha recalcado que la imagen se venera en la Ermita de la Calle Arriba ser\u00e1 traslada a la Catedral el 7 de septiembre a a las 21h de la noche. Es algo \u00fanico en Orihuela ver a los V\u00edrgenes de Monserrate de la ciudad\u00bb.<\/p>\n<p align=\"justify\"><b><img loading=\"lazy\" decoding=\"async\" class=\"alignleft wp-image-77052 entered lazyloaded\" src=\"https:\/\/www.orihuela.es\/wp-content\/uploads\/2023\/09\/Cartel-150x150.jpg\" sizes=\"auto, (max-width: 360px) 100vw, 360px\" srcset=\"https:\/\/www.orihuela.es\/wp-content\/uploads\/2023\/09\/Cartel-150x150.jpg 150w, https:\/\/www.orihuela.es\/wp-content\/uploads\/2023\/09\/Cartel-768x768.jpg 768w, https:\/\/www.orihuela.es\/wp-content\/uploads\/2023\/09\/Cartel.jpg 801w\" alt=\"\" width=\"360\" height=\"360\" data-lazy-srcset=\"https:\/\/www.orihuela.es\/wp-content\/uploads\/2023\/09\/Cartel-150x150.jpg 150w, https:\/\/www.orihuela.es\/wp-content\/uploads\/2023\/09\/Cartel-768x768.jpg 768w, https:\/\/www.orihuela.es\/wp-content\/uploads\/2023\/09\/Cartel.jpg 801w\" data-lazy-sizes=\"(max-width: 360px) 100vw, 360px\" data-lazy-src=\"https:\/\/www.orihuela.es\/wp-content\/uploads\/2023\/09\/Cartel-150x150.jpg\" data-ll-status=\"loaded\" \/>Importante oferta de conciertos y exposiciones<\/b><\/p>\n<p align=\"justify\">Las fiestas patronales de 2023 vienen cargadas de importantes conciertos, en total hay\u00a06. El primero de ellos ser\u00e1 el\u00a0del grupo\u00a0musical \u201cHarmoni XXI\u201d. \u201cM\u00fasica de\u00a0aqu\u00ed y de all\u00e1\u201d en la inauguraci\u00f3n de la exposici\u00f3n \u201cOrihuela 1920. Coronaci\u00f3n de la\u00a0Virgen de Monserrate\u201d con concierto del grupo musical \u201cHarmoni XXI\u201d. \u201cM\u00fasica de\u00a0aqu\u00ed y de all\u00e1\u201d (5 de septiembre). El segundo concierto ser\u00e1 el\u00a0de\u00a0la \u201cSerenata a la Virgen\u00bb a cargo de ACAMDO y tendr\u00e1 lugar en la Plaza Ram\u00f3n Sij\u00e9 el 6 de septiembre a las 22 horas. El\u00a0tercer\u00a0concierto, uno de los principales atractivos, es el de \u201cA la luz de las velas\u201d protagonizado por el \u201cCuarteto Camareta Antigua el 10 d\u00eda a las 21 horas en el Museo de Arte Sacro. El\u00a0cuarto\u00a0recital musical ser\u00e1 especial, ya que se realizar\u00e1 en la Catedral de Orihuela el 14 de septiembre a las 21 horas. Este concierto es \u201cEn honor a la Virgen de Monserrate\u201d a cargo de los solistas de la \u201cOrquesta Barroca Valenciana\u201d. El\u00a0quinto\u00a0se celebrar\u00e1 el d\u00eda siguiente 16\u00a0de septiembre\u00a0en la Iglesia de Santo Domingo a las 19 horas. Esta actuaci\u00f3n es de m\u00fasica cl\u00e1sica y ser\u00e1 interpretada por la Orquesta Sinf\u00f3nica de Orihuela. Finalmente, el \u00faltimo, \u201cConcierto de Tunas\u201d se llevar\u00e1 a cabo el mismo d\u00eda 16 a las 21h en el Teatro Circo Atanasio Die Mar\u00edn.<\/p>\n<p align=\"justify\">Por su parte, este cartel de fiestas contiene 2 exposiciones interesantes. La primera de ellas se inaugura el 5 de septiembre y estar\u00e1 hasta 30 del mismo mes. Es la exposici\u00f3n \u201cOrihuela 1920. Coronaci\u00f3n de la Virgen de Monserrate\u201d con concierto a cargo del grupo musical \u201cHarmoni XXI\u201d. \u201cM\u00fasica de aqu\u00ed y de all\u00e1\u201d. Esta empezar\u00e1 a las 19 horas en la Biblioteca Mar\u00eda Moliner. La segunda es la titulada \u201cMonserrate, celestial tesoro escondido\u201d. Su estreno ser\u00e1 el 7 de septiembre a las 21 horas en el Museo Diocesano de Arte Sacro y estar\u00e1 disponible hasta el 31 de octubre de 2023.<\/p>\n<p align=\"justify\"><b>Solemne Eucarist\u00eda y Procesi\u00f3n General en el d\u00eda de la Virgen de Monserrate<\/b><\/p>\n<p align=\"justify\">El d\u00eda grande de las Fiestas de la Virgen de Monserrate, 8 de septiembre, se realizar\u00e1 un \u201cVolteo General de Campanas y Salvas en honor a la patrona de Orihuela\u201d (12 horas). Y por la tarde (a las 19h) se celebrar\u00e1 la \u201cSolemne Eucarist\u00eda (en la Catedral de Orihuela) y Procesi\u00f3n General\u201d. El recorrido de esta \u00faltima se har\u00e1 por la Calle Mayor, Puente de Poniente, Plaza Nueva, Calle San Pascual, Calle Calder\u00f3n de la Barca, Calle Loaces, Calle Alfonso XIII y de nuevo en la Calle Mayor. Adem\u00e1s, se organizar\u00e1 un gran espect\u00e1culo de fuegos artificiales al paso de la Virgen por el Puente Nuevo.<\/p>\n<p align=\"justify\"><b>5 rutas tur\u00edsticas con degustaci\u00f3n de dulces conventuales<\/b><\/p>\n<p align=\"justify\">La Concejal\u00eda de Turismo y de Cultura han dado otro aliciente a esta programaci\u00f3n\u00a0incluyendo cinco rutas tur\u00edsticas en la misma. Y dos de ellas tienen a la \u201cMadre de\u00a0Orihuela\u00bb como protagonista.\u00a0Las rutas de septiembre comenzar\u00e1n fuerte el s\u00e1bado 9 con la de la \u00abVirgen de Monserrate\u00bb. El pistoletazo de salida se har\u00e1 desde el Santuario de Nuestra Se\u00f1ora de Monserrate a las 10 horas. La segunda salida tendr\u00e1 lugar el s\u00e1bado 16 a las 10 horas desde la Ermita de Monserrate (en la calle Miguel Hern\u00e1ndez).<\/p>\n<p align=\"justify\">Las restantes rutas son las \u00abCuriosidades del Barrio de Rabaloche\u00bb (el d\u00eda 10 de septiembre a\u00a0las 10 horas con salida en la Plaza de Monserrate) y \u00abRuta teatralizada \u2018Paseando por el\u00a0Barrio de Monserrate\u2019 a cargo del grupo \u2018Teatro Expresi\u00f3n\u2019 \u00bb (el d\u00eda 13 de septiembre a las\u00a020:30h desde el Santuario de Nuestra Se\u00f1ora de Monserrate).<\/p>\n<p align=\"justify\">Sin embargo, la ruta m\u00e1s suculenta ser\u00e1 la del 17 de septiembre. Caminaremos por las rutas\u00a0de \u00abDulces Pasos\u00bb (Conventos) a las 10 horas desde la Plaza del Carmen. Adem\u00e1s, el concejal\u00a0de Cultura y Turismo del Ayuntamiento de Orihuela, Gonzalo Montoya, ha resaltado que \u00abes\u00a0importante destacar que para el 17, d\u00eda que terminan las fiestas patronales y que la Virgen\u00a0vuelve a su Santuario, se recupera la ruta Dulces Pasos y a cuya conclusi\u00f3n los participantes\u00a0disfrutar\u00e1n de una degustaci\u00f3n de dulces conventuales\u201d.<\/p>\n<p align=\"justify\"><b>Resumen completo de las actividades y actos de las fiestas patronales<\/b><b><\/b><\/p>\n<p align=\"justify\">A continuaci\u00f3n, le facilitamos el resumen completo de las actividades que podr\u00e1n disfrutar\u00a0cada d\u00eda de las fiestas patronales:<\/p>\n<p align=\"justify\">\u25cf\u00a0<b>5 de septiembre:\u00a0<\/b>La inauguraci\u00f3n de la exposici\u00f3n \u201cOrihuela 1920. Coronaci\u00f3n de la\u00a0Virgen de Monserrate\u201d con concierto del grupo musical \u201cHarmoni XXI\u201d. \u201cM\u00fasica de\u00a0aqu\u00ed y de all\u00e1\u201d.<\/p>\n<p align=\"justify\">\u25cf\u00a0<b>6 de septiembre<\/b>:\u00a0Eucarist\u00eda, Romer\u00eda de Ntra. Sra. De Monserrate y Concierto\u00a0\u201c<b>Serenata a la Virgen\u00bb a cargo de ACAMDO<\/b><b><\/b><\/p>\n<p align=\"justify\">\u25cf\u00a0<b>7 de septiembre:\u00a0<\/b>Inauguraci\u00f3n de la exposici\u00f3n \u201cMonserrate, celestial tesoro\u00a0escondido\u201d<\/p>\n<p align=\"justify\">\u25cf\u00a0<b>8 de septiembre:\u00a0<\/b>\u201cVolteo General de Campanas y Salvas en honor a la patrona de\u00a0Orihuela\u201d y \u201cSolemne Eucarist\u00eda (en la Catedral de Orihuela) y Procesi\u00f3n General\u201d.<\/p>\n<p align=\"justify\">\u25cf\u00a0<b>9 de septiembre:\u00a0<\/b>Ruta tur\u00edstica \u201cNtra. Sra. de Monserrate\u201d<\/p>\n<p align=\"justify\">\u25cf\u00a0<b>10 de septiembre:\u00a0<\/b>Ruta tur\u00edstica \u00abCuriosidades del Barrio de Rabaloche\u201d y Concierto\u00a0\u201cA la luz de las velas\u201d.<\/p>\n<p align=\"justify\">\u25cf\u00a0<b>11 de septiembre:\u00a0<\/b>Conferencia \u201cLa pintura en Orihuela en la Edad Moderna. El\u00a0bocaporte del camer\u00edn de la Virgen de Monserrate\u201d.<\/p>\n<p align=\"justify\">\u25cf\u00a0<b>12 de septiembre:\u00a0<\/b>Taller infantil \u201cDescubriendo a la Virgen de Monserrate, Nuestra\u00a0Patrona\u201d.<\/p>\n<p align=\"justify\">\u25cf\u00a0<b>13 de septiembre:\u00a0<\/b>\u00abRuta teatralizada \u2018Paseando por el Barrio de Monserrate\u201d<\/p>\n<p align=\"justify\"><b>\u25cf\u00a0<\/b><b>14 de septiembre:\u00a0<\/b>Concierto \u201cEn honor a la Virgen de Monserrate\u201d<\/p>\n<p align=\"justify\">\u25cf\u00a0<b>15 de septiembre:\u00a0<\/b>Certamen de Tunas. \u201cRonda de Tunas\u201d<\/p>\n<p align=\"justify\">\u25cf\u00a0<b>16 de septiembre:\u00a0<\/b>Ruta tur\u00edstica \u201cNra. Sra. de Monserrate\u201d, Concurso de pasacalles\u00a0de tunas y ronda a la Virgen de Monserrate,\u00a0Concierto de m\u00fasica\u00a0cl\u00e1sica de la Orquesta Sinf\u00f3nica de Orihuela,\u00a0Veneraci\u00f3n de la Virgen de Monserrate y\u00a0Concierto de Tunas<\/p>\n<p align=\"justify\">\u25cf\u00a0<b>17 de septiembre:\u00a0<\/b>Rutas tur\u00edsticas de \u00abDulces Pasos\u00bb (Conventos), Romer\u00eda y traslado\u00a0de la Virgen de Monserrate desde la Catedral de Orihuela a su Santuario, Eucar\u00edstia y\u00a0Ronda a \u201cNtra. Sra. de Monserrate\u201d.<\/p>\n<p align=\"justify\"><b>Invitaci\u00f3n a participar en las fiestas<\/b><\/p>\n<p class=\"western\" align=\"justify\">El concejal de Cultura y Turismo, Gonzalo Montoya, ha animado a todos los oriolanos a \u201cparticipar en estas fiestas de septiembre y que conozcan m\u00e1s en profundidad la cultura, la\u00a0devoci\u00f3n, la tradici\u00f3n y el patrimonio de la que es patrona de todos\u00bb.<\/p>\n<p align=\"justify\">\n<p align=\"justify\"><a href=\"https:\/\/cultura.orihuela.es\/wp-content\/uploads\/2023\/09\/RRSS_1080x1920_Programa.jpg\"><img loading=\"lazy\" decoding=\"async\" class=\"alignnone size-full wp-image-219514\" src=\"https:\/\/cultura.orihuela.es\/wp-content\/uploads\/2023\/09\/RRSS_1080x1920_Programa.jpg\" alt=\"\" width=\"1081\" height=\"1921\" srcset=\"https:\/\/cultura.orihuela.es\/wp-content\/uploads\/2023\/09\/RRSS_1080x1920_Programa.jpg 1081w, https:\/\/cultura.orihuela.es\/wp-content\/uploads\/2023\/09\/RRSS_1080x1920_Programa-169x300.jpg 169w, https:\/\/cultura.orihuela.es\/wp-content\/uploads\/2023\/09\/RRSS_1080x1920_Programa-576x1024.jpg 576w, https:\/\/cultura.orihuela.es\/wp-content\/uploads\/2023\/09\/RRSS_1080x1920_Programa-768x1365.jpg 768w, https:\/\/cultura.orihuela.es\/wp-content\/uploads\/2023\/09\/RRSS_1080x1920_Programa-864x1536.jpg 864w, https:\/\/cultura.orihuela.es\/wp-content\/uploads\/2023\/09\/RRSS_1080x1920_Programa-7x12.jpg 7w, https:\/\/cultura.orihuela.es\/wp-content\/uploads\/2023\/09\/RRSS_1080x1920_Programa-28x50.jpg 28w, https:\/\/cultura.orihuela.es\/wp-content\/uploads\/2023\/09\/RRSS_1080x1920_Programa-650x1155.jpg 650w, https:\/\/cultura.orihuela.es\/wp-content\/uploads\/2023\/09\/RRSS_1080x1920_Programa-1000x1777.jpg 1000w, https:\/\/cultura.orihuela.es\/wp-content\/uploads\/2023\/09\/RRSS_1080x1920_Programa-50x89.jpg 50w\" sizes=\"auto, (max-width: 1081px) 100vw, 1081px\" \/><\/a><\/p>\n","protected":false},"excerpt":{"rendered":"<p>La Concejal\u00eda de Cultura del Ayuntamiento de Orihuela ha presentado una potente y completa programaci\u00f3n de las fiestas patronales de la Virgen de Monserrate 2023. La edici\u00f3n de este a\u00f1o<a href=\"https:\/\/cultura.orihuela.es\/?p=219517\" class=\"exp-read-more exp-read-more-dots\">&#8230;<\/a><\/p>\n","protected":false},"author":1,"featured_media":219515,"comment_status":"open","ping_status":"open","sticky":false,"template":"","format":"standard","meta":{"footnotes":""},"categories":[380],"tags":[],"yst_prominent_words":[1077,1083],"class_list":["post-219517","post","type-post","status-publish","format-standard","has-post-thumbnail","hentry","category-noticias"],"_links":{"self":[{"href":"https:\/\/cultura.orihuela.es\/index.php?rest_route=\/wp\/v2\/posts\/219517","targetHints":{"allow":["GET"]}}],"collection":[{"href":"https:\/\/cultura.orihuela.es\/index.php?rest_route=\/wp\/v2\/posts"}],"about":[{"href":"https:\/\/cultura.orihuela.es\/index.php?rest_route=\/wp\/v2\/types\/post"}],"author":[{"embeddable":true,"href":"https:\/\/cultura.orihuela.es\/index.php?rest_route=\/wp\/v2\/users\/1"}],"replies":[{"embeddable":true,"href":"https:\/\/cultura.orihuela.es\/index.php?rest_route=%2Fwp%2Fv2%2Fcomments&post=219517"}],"version-history":[{"count":1,"href":"https:\/\/cultura.orihuela.es\/index.php?rest_route=\/wp\/v2\/posts\/219517\/revisions"}],"predecessor-version":[{"id":219518,"href":"https:\/\/cultura.orihuela.es\/index.php?rest_route=\/wp\/v2\/posts\/219517\/revisions\/219518"}],"wp:featuredmedia":[{"embeddable":true,"href":"https:\/\/cultura.orihuela.es\/index.php?rest_route=\/wp\/v2\/media\/219515"}],"wp:attachment":[{"href":"https:\/\/cultura.orihuela.es\/index.php?rest_route=%2Fwp%2Fv2%2Fmedia&parent=219517"}],"wp:term":[{"taxonomy":"category","embeddable":true,"href":"https:\/\/cultura.orihuela.es\/index.php?rest_route=%2Fwp%2Fv2%2Fcategories&post=219517"},{"taxonomy":"post_tag","embeddable":true,"href":"https:\/\/cultura.orihuela.es\/index.php?rest_route=%2Fwp%2Fv2%2Ftags&post=219517"},{"taxonomy":"yst_prominent_words","embeddable":true,"href":"https:\/\/cultura.orihuela.es\/index.php?rest_route=%2Fwp%2Fv2%2Fyst_prominent_words&post=219517"}],"curies":[{"name":"wp","href":"https:\/\/api.w.org\/{rel}","templated":true}]}}