{"id":219345,"date":"2023-04-19T12:12:40","date_gmt":"2023-04-19T11:12:40","guid":{"rendered":"https:\/\/culturaorihuela.com\/?p=219345"},"modified":"2023-04-19T13:28:11","modified_gmt":"2023-04-19T12:28:11","slug":"los-museos-y-las-exposiciones-temporales-de-orihuela-reciben-la-vista-de-9-000-personas-durante-la-semana-santa","status":"publish","type":"post","link":"https:\/\/cultura.orihuela.es\/?p=219345","title":{"rendered":"Los museos y las exposiciones temporales de Orihuela reciben la vista de 9.000 personas durante la Semana Santa"},"content":{"rendered":"<p class=\"s12\"><span class=\"s11\"><span class=\"bumpedFont15\">Orihuela registr\u00f3 una gran afluencia de visitantes durante la Semana Santa. As\u00ed se desprende de las estad\u00edsticas registradas por las Concejal\u00edas de Turismo y de Cultura. Asimismo, las exposiciones temporales organizadas por la Concejal\u00eda de Cultura en colaboraci\u00f3n con el Museo Diocesano de Arte Sacro fueron uno de los principales atractivos durante la Semana Santa. De este modo, 3.600 personas han visitado la exposici\u00f3n \u201cSepultus est\u201d desde su inauguraci\u00f3n y 1.500 han visto la muestra \u201cVicente L\u00f3pez. La Corte y Orihuela\u201d que permanece en la iglesia del Real Monasterio de la Visitaci\u00f3n (Las Salesas) y que se ha hecho en colaboraci\u00f3n con el CEART-UM. Adem\u00e1s, 1.486 personas visitaron la Casa Museo de Miguel Hern\u00e1ndez durante la Semana Santa, mientras que el museo San Juan de Dios, donde se expone La Diablesa, fue visitado por 837 personas. Otras 605 personas visitaron el colegio Santo Domingo y 450, el Museo de la Muralla. <\/span><\/span><\/p>\n<p class=\"s12\"><span class=\"s11\"><span class=\"bumpedFont15\">La mayor afluencia de gente se registr\u00f3 entre los d\u00edas 5 y 8 de abril, si bien el Viernes Santo fue el d\u00eda de mayor afluencia de turistas. En este sentido, m\u00e1s de 600 personas visitaron la muestra de Vicente L\u00f3pez ese d\u00eda.<\/span><\/span><\/p>\n","protected":false},"excerpt":{"rendered":"<p>Orihuela registr\u00f3 una gran afluencia de visitantes durante la Semana Santa. As\u00ed se desprende de las estad\u00edsticas registradas por las Concejal\u00edas de Turismo y de Cultura. Asimismo, las exposiciones temporales<a href=\"https:\/\/cultura.orihuela.es\/?p=219345\" class=\"exp-read-more exp-read-more-dots\">&#8230;<\/a><\/p>\n","protected":false},"author":1,"featured_media":219324,"comment_status":"open","ping_status":"open","sticky":false,"template":"","format":"standard","meta":{"footnotes":""},"categories":[380],"tags":[],"yst_prominent_words":[666,1019,1420,815,981,526,1575,3489,1635],"class_list":["post-219345","post","type-post","status-publish","format-standard","has-post-thumbnail","hentry","category-noticias"],"_links":{"self":[{"href":"https:\/\/cultura.orihuela.es\/index.php?rest_route=\/wp\/v2\/posts\/219345","targetHints":{"allow":["GET"]}}],"collection":[{"href":"https:\/\/cultura.orihuela.es\/index.php?rest_route=\/wp\/v2\/posts"}],"about":[{"href":"https:\/\/cultura.orihuela.es\/index.php?rest_route=\/wp\/v2\/types\/post"}],"author":[{"embeddable":true,"href":"https:\/\/cultura.orihuela.es\/index.php?rest_route=\/wp\/v2\/users\/1"}],"replies":[{"embeddable":true,"href":"https:\/\/cultura.orihuela.es\/index.php?rest_route=%2Fwp%2Fv2%2Fcomments&post=219345"}],"version-history":[{"count":2,"href":"https:\/\/cultura.orihuela.es\/index.php?rest_route=\/wp\/v2\/posts\/219345\/revisions"}],"predecessor-version":[{"id":219347,"href":"https:\/\/cultura.orihuela.es\/index.php?rest_route=\/wp\/v2\/posts\/219345\/revisions\/219347"}],"wp:featuredmedia":[{"embeddable":true,"href":"https:\/\/cultura.orihuela.es\/index.php?rest_route=\/wp\/v2\/media\/219324"}],"wp:attachment":[{"href":"https:\/\/cultura.orihuela.es\/index.php?rest_route=%2Fwp%2Fv2%2Fmedia&parent=219345"}],"wp:term":[{"taxonomy":"category","embeddable":true,"href":"https:\/\/cultura.orihuela.es\/index.php?rest_route=%2Fwp%2Fv2%2Fcategories&post=219345"},{"taxonomy":"post_tag","embeddable":true,"href":"https:\/\/cultura.orihuela.es\/index.php?rest_route=%2Fwp%2Fv2%2Ftags&post=219345"},{"taxonomy":"yst_prominent_words","embeddable":true,"href":"https:\/\/cultura.orihuela.es\/index.php?rest_route=%2Fwp%2Fv2%2Fyst_prominent_words&post=219345"}],"curies":[{"name":"wp","href":"https:\/\/api.w.org\/{rel}","templated":true}]}}