{"id":219335,"date":"2023-03-30T10:34:00","date_gmt":"2023-03-30T09:34:00","guid":{"rendered":"https:\/\/culturaorihuela.com\/?p=219335"},"modified":"2023-03-30T10:34:00","modified_gmt":"2023-03-30T09:34:00","slug":"el-museo-diocesano-de-arte-sacro-acoge-una-muestra-de-cinco-dibujos-renacentistas","status":"publish","type":"post","link":"https:\/\/cultura.orihuela.es\/?p=219335","title":{"rendered":"El Museo Diocesano de Arte Sacro acoge una muestra de cinco dibujos renacentistas"},"content":{"rendered":"<p class=\"s12\"><span class=\"s11\"><span class=\"bumpedFont15\">El Museo de Diocesano de Arte Sacro acoge una muestra de cinco dibujos italianos realizados entre el siglo XVI y XVII organizada en colaboraci\u00f3n con CEART-UM. La muestra, que podr\u00e1 visitarse durante los meses de abril y mayo, ha sido presentada por el concejal de Festividades, Antonio S\u00e1nchez; el conservador del museo, Mariano Cecilia, quien tambi\u00e9n es comisario de la exposici\u00f3n junto a Pablo L\u00f3pez. As\u00ed, Antonio S\u00e1nchez ha destacado que esta muestra \u201ces peque\u00f1a en tama\u00f1o, pero de gran calidad\u201d y ha destacado que la colaboraci\u00f3n entre el Ayuntamiento y el Museo Diocesano de Arte Sacro permite que \u201cOrihuela se enriquezca con este patrimonio cultural\u201d. \u201cA las puertas de la Semana Santa, tener una nueva exposici\u00f3n, una cosa nueva que ver, es positivo para Orihuela\u201d, ha dicho el edil. Por su parte, Mariano Cecilia ha detallado que los dibujos expuesto proceden, tanto de colecciones privadas como de anticuarios de Murcia y ha destacado \u201cla relevancia de los autores que est\u00e1n aqu\u00ed\u201d representados. <\/span><\/span><\/p>\n<p class=\"s12\">\n<p class=\"s12\"><span class=\"s11\"><span class=\"bumpedFont15\">As\u00ed, Pablo L\u00f3pez ha explicado que las obras expuestas son dibujos que forman parte \u201cdel proceso creativo de una obra de arte\u201d. En este sentido, se puede contemplar un dibujo que data de 1520 y realizado por el c\u00edrculo de Polidoro de Caravaggio, otro de Fra Bartolomeo que fue ideado para decorar el dormitorio de una mujer, as\u00ed como otros dos realizados Luca Cambiaso y Simone Cantarini \u201cIl Pesarese\u201d respectivamente. No obstante, el dibujo m\u00e1s singular y valioso de entre los que se exponen es uno realizado por Ludovico Carracci. L\u00f3pez ha a\u00f1adido que los dibujos proceden de colecciones particulares \u00a0y de la galer\u00eda de arte antiguo Fernado Guerao Arte Espa\u00f1ol y Colonia.<\/span><\/span><\/p>\n<p><a href=\"https:\/\/cultura.orihuela.es\/wp-content\/uploads\/2023\/03\/A145E694-4CC5-4E50-80BD-BEB5950994AF.jpeg\"><img loading=\"lazy\" decoding=\"async\" class=\"alignnone size-full wp-image-219337\" src=\"https:\/\/cultura.orihuela.es\/wp-content\/uploads\/2023\/03\/A145E694-4CC5-4E50-80BD-BEB5950994AF.jpeg\" alt=\"\" width=\"828\" height=\"1149\" srcset=\"https:\/\/cultura.orihuela.es\/wp-content\/uploads\/2023\/03\/A145E694-4CC5-4E50-80BD-BEB5950994AF.jpeg 828w, https:\/\/cultura.orihuela.es\/wp-content\/uploads\/2023\/03\/A145E694-4CC5-4E50-80BD-BEB5950994AF-216x300.jpeg 216w, https:\/\/cultura.orihuela.es\/wp-content\/uploads\/2023\/03\/A145E694-4CC5-4E50-80BD-BEB5950994AF-738x1024.jpeg 738w, https:\/\/cultura.orihuela.es\/wp-content\/uploads\/2023\/03\/A145E694-4CC5-4E50-80BD-BEB5950994AF-768x1066.jpeg 768w, https:\/\/cultura.orihuela.es\/wp-content\/uploads\/2023\/03\/A145E694-4CC5-4E50-80BD-BEB5950994AF-9x12.jpeg 9w, https:\/\/cultura.orihuela.es\/wp-content\/uploads\/2023\/03\/A145E694-4CC5-4E50-80BD-BEB5950994AF-36x50.jpeg 36w, https:\/\/cultura.orihuela.es\/wp-content\/uploads\/2023\/03\/A145E694-4CC5-4E50-80BD-BEB5950994AF-650x902.jpeg 650w, https:\/\/cultura.orihuela.es\/wp-content\/uploads\/2023\/03\/A145E694-4CC5-4E50-80BD-BEB5950994AF-50x69.jpeg 50w\" sizes=\"auto, (max-width: 828px) 100vw, 828px\" \/><\/a><\/p>\n","protected":false},"excerpt":{"rendered":"<p>El Museo de Diocesano de Arte Sacro acoge una muestra de cinco dibujos italianos realizados entre el siglo XVI y XVII organizada en colaboraci\u00f3n con CEART-UM. La muestra, que podr\u00e1<a href=\"https:\/\/cultura.orihuela.es\/?p=219335\" class=\"exp-read-more exp-read-more-dots\">&#8230;<\/a><\/p>\n","protected":false},"author":1,"featured_media":219336,"comment_status":"open","ping_status":"open","sticky":false,"template":"","format":"standard","meta":{"footnotes":""},"categories":[380],"tags":[],"yst_prominent_words":[1284,1427,1029,2691,1420,815,981,3011],"class_list":["post-219335","post","type-post","status-publish","format-standard","has-post-thumbnail","hentry","category-noticias"],"_links":{"self":[{"href":"https:\/\/cultura.orihuela.es\/index.php?rest_route=\/wp\/v2\/posts\/219335","targetHints":{"allow":["GET"]}}],"collection":[{"href":"https:\/\/cultura.orihuela.es\/index.php?rest_route=\/wp\/v2\/posts"}],"about":[{"href":"https:\/\/cultura.orihuela.es\/index.php?rest_route=\/wp\/v2\/types\/post"}],"author":[{"embeddable":true,"href":"https:\/\/cultura.orihuela.es\/index.php?rest_route=\/wp\/v2\/users\/1"}],"replies":[{"embeddable":true,"href":"https:\/\/cultura.orihuela.es\/index.php?rest_route=%2Fwp%2Fv2%2Fcomments&post=219335"}],"version-history":[{"count":2,"href":"https:\/\/cultura.orihuela.es\/index.php?rest_route=\/wp\/v2\/posts\/219335\/revisions"}],"predecessor-version":[{"id":219339,"href":"https:\/\/cultura.orihuela.es\/index.php?rest_route=\/wp\/v2\/posts\/219335\/revisions\/219339"}],"wp:featuredmedia":[{"embeddable":true,"href":"https:\/\/cultura.orihuela.es\/index.php?rest_route=\/wp\/v2\/media\/219336"}],"wp:attachment":[{"href":"https:\/\/cultura.orihuela.es\/index.php?rest_route=%2Fwp%2Fv2%2Fmedia&parent=219335"}],"wp:term":[{"taxonomy":"category","embeddable":true,"href":"https:\/\/cultura.orihuela.es\/index.php?rest_route=%2Fwp%2Fv2%2Fcategories&post=219335"},{"taxonomy":"post_tag","embeddable":true,"href":"https:\/\/cultura.orihuela.es\/index.php?rest_route=%2Fwp%2Fv2%2Ftags&post=219335"},{"taxonomy":"yst_prominent_words","embeddable":true,"href":"https:\/\/cultura.orihuela.es\/index.php?rest_route=%2Fwp%2Fv2%2Fyst_prominent_words&post=219335"}],"curies":[{"name":"wp","href":"https:\/\/api.w.org\/{rel}","templated":true}]}}