{"id":219328,"date":"2023-03-28T13:38:36","date_gmt":"2023-03-28T12:38:36","guid":{"rendered":"https:\/\/culturaorihuela.com\/?p=219328"},"modified":"2023-03-28T17:06:02","modified_gmt":"2023-03-28T16:06:02","slug":"el-artista-oriolano-alfonso-ortuno-ilustra-la-invitacion-a-los-actos-en-torno-a-la-procesion-del-santo-entierro-de-cristo","status":"publish","type":"post","link":"https:\/\/cultura.orihuela.es\/?p=219328","title":{"rendered":"El artista oriolano Alfonso Ortu\u00f1o ilustra la invitaci\u00f3n a los actos en torno a la procesi\u00f3n del Santo Entierro de Cristo"},"content":{"rendered":"<p>El artista oriolano Alfonso Ortu\u00f1o ha realizado las ilustraciones de la invitaci\u00f3n a los actos en torno a la procesi\u00f3n del Santo Entierro de Cristo. De este modo, la tarjeta en la que Manuel Franco, Caballero Cubierto de este a\u00f1o, invita a la recepci\u00f3n que ofrecer\u00e1 en el claustro de la Universidad del Colegio Santo Domingo est\u00e1 acompa\u00f1ada de una imagen en la que se ven los elementos m\u00e1s representativos del Caballero Cubierto, el estandarte y la chistera, frente al Altar Mayor de la Catedral. De otro lado, la invitaci\u00f3n de la alcaldesa y la Comisi\u00f3n de Festividades al traslado de las im\u00e1genes del Santo Entierro de Cristo que tiene lugar cada Mi\u00e9rcoles Santo est\u00e1 ilustrada con una representaci\u00f3n de Nuestra Se\u00f1ora de la Soledad. \u201cDe nuevo, es un orgullo que uno de nuestros artistas m\u00e1s conocidos y reconocidas ilustre las tarjetas que, cada a\u00f1o, env\u00eda el Ayuntamiento\u201d, ha dicho el concejal de Festividades, Antonio S\u00e1nchez. As\u00ed, ha destacado que Ortu\u00f1o \u201ces uno de los mayores conocedores de nuestro patrimonio hist\u00f3rico art\u00edstico y de la Semana Santa, como as\u00ed muestran much\u00edsimas de sus obras\u201d, por lo que ha considerado que \u201ces la persona m\u00e1s id\u00f3nea para plasmar en una imagen lo que la procesi\u00f3n del Santo Entierro significa para los oriolanos\u201d.<\/p>\n","protected":false},"excerpt":{"rendered":"<p>El artista oriolano Alfonso Ortu\u00f1o ha realizado las ilustraciones de la invitaci\u00f3n a los actos en torno a la procesi\u00f3n del Santo Entierro de Cristo. De este modo, la tarjeta<a href=\"https:\/\/cultura.orihuela.es\/?p=219328\" class=\"exp-read-more exp-read-more-dots\">&#8230;<\/a><\/p>\n","protected":false},"author":1,"featured_media":219329,"comment_status":"open","ping_status":"open","sticky":false,"template":"","format":"standard","meta":{"footnotes":""},"categories":[380],"tags":[1963,2891,3974,3857,3973,155,3972],"yst_prominent_words":[3707,1499,1065,3489,2689],"class_list":["post-219328","post","type-post","status-publish","format-standard","has-post-thumbnail","hentry","category-noticias","tag-alfonso-ortuno","tag-antonio-sanchez","tag-caballero-cubierto","tag-concejalia-de-festividades","tag-diablesa","tag-orihuela","tag-procesion-del-santo-entierro"],"_links":{"self":[{"href":"https:\/\/cultura.orihuela.es\/index.php?rest_route=\/wp\/v2\/posts\/219328","targetHints":{"allow":["GET"]}}],"collection":[{"href":"https:\/\/cultura.orihuela.es\/index.php?rest_route=\/wp\/v2\/posts"}],"about":[{"href":"https:\/\/cultura.orihuela.es\/index.php?rest_route=\/wp\/v2\/types\/post"}],"author":[{"embeddable":true,"href":"https:\/\/cultura.orihuela.es\/index.php?rest_route=\/wp\/v2\/users\/1"}],"replies":[{"embeddable":true,"href":"https:\/\/cultura.orihuela.es\/index.php?rest_route=%2Fwp%2Fv2%2Fcomments&post=219328"}],"version-history":[{"count":1,"href":"https:\/\/cultura.orihuela.es\/index.php?rest_route=\/wp\/v2\/posts\/219328\/revisions"}],"predecessor-version":[{"id":219330,"href":"https:\/\/cultura.orihuela.es\/index.php?rest_route=\/wp\/v2\/posts\/219328\/revisions\/219330"}],"wp:featuredmedia":[{"embeddable":true,"href":"https:\/\/cultura.orihuela.es\/index.php?rest_route=\/wp\/v2\/media\/219329"}],"wp:attachment":[{"href":"https:\/\/cultura.orihuela.es\/index.php?rest_route=%2Fwp%2Fv2%2Fmedia&parent=219328"}],"wp:term":[{"taxonomy":"category","embeddable":true,"href":"https:\/\/cultura.orihuela.es\/index.php?rest_route=%2Fwp%2Fv2%2Fcategories&post=219328"},{"taxonomy":"post_tag","embeddable":true,"href":"https:\/\/cultura.orihuela.es\/index.php?rest_route=%2Fwp%2Fv2%2Ftags&post=219328"},{"taxonomy":"yst_prominent_words","embeddable":true,"href":"https:\/\/cultura.orihuela.es\/index.php?rest_route=%2Fwp%2Fv2%2Fyst_prominent_words&post=219328"}],"curies":[{"name":"wp","href":"https:\/\/api.w.org\/{rel}","templated":true}]}}