{"id":219321,"date":"2023-03-28T14:21:10","date_gmt":"2023-03-28T13:21:10","guid":{"rendered":"https:\/\/culturaorihuela.com\/?p=219321"},"modified":"2023-03-28T14:33:24","modified_gmt":"2023-03-28T13:33:24","slug":"el-monasterio-de-la-visitacion-acogera-una-exposicion-para-conmemorar-el-250-aniversario-de-vicente-lopez","status":"publish","type":"post","link":"https:\/\/cultura.orihuela.es\/?p=219321","title":{"rendered":"El Monasterio de la Visitaci\u00f3n acoger\u00e1 una exposici\u00f3n para conmemorar el 250 aniversario de Vicente L\u00f3pez"},"content":{"rendered":"<h4 class=\"s13\"><span class=\"s11\">\u2022 <\/span><span class=\"s12\"><span class=\"bumpedFont15\">La muestra esta formada por textiles, piezas de orfebrer\u00eda , de n\u00e1car y 25 pinturas de Vicente L\u00f3pez, el cual recibi\u00f3 el eencargo de decorar la iglesia del monasterio de Carlos Mar\u00eda Isidro de Borb\u00f3n y Mar\u00eda Francisca de As\u00eds y Braganza.<\/span><\/span><\/h4>\n<div class=\"s13\"><span class=\"s14\"><span class=\"bumpedFont15\"><br \/>\nEl Monasterio de la Visitaci\u00f3n de Las Salesas acoger\u00e1 una exposici\u00f3n para conmemorar el 250 aniversario del pintor valenciano Vicente L\u00f3pez a partir del 29 de marzo. La muestra ha sido presentada hoy por la concejala de Cultura, Mar Ezcurra, el conservador del Museo Diocesano de Arte Sacro, Mariano Cecilia, y el director del museo Jos\u00e9 Antonio Mart\u00ednez. As\u00ed, la concejala de Cultura ha indicado que \u201cse trata de una ambiciosa muestra\u201d compuesta por piezas textiles, de orfebrer\u00eda, n\u00e1car y 25 lienzos, la mayor\u00eda de gran formato, procedentes del Monasterio de la Visitaci\u00f3n, del Museo Diocesano de Arte Sacro y colecciones particulares. En este sentido, la concejala de Cultura ha agradecido a las familias Pedrera Mart\u00ednez y Agrela la cesi\u00f3n de algunas de las obras que se expondr\u00e1n.<\/span><\/span><\/div>\n<p class=\"s15\"><span class=\"s14\"><span class=\"bumpedFont15\">El conservador del Museo Diocesano de Arte Sacro ha explicado que Vicente L\u00f3pez enviado a Orihuela por los infantes Carlos Mar\u00eda Isidro de Borb\u00f3n y Mar\u00eda Francisca de As\u00eds y Branganza, pretendientes al torno espa\u00f1ol tras la muerte de Fernando VII y promotores del Monasterio de la Visitaci\u00f3n de Orihuela, para realizar el conjunto pict\u00f3rico de la iglesia de Las Salesas. \u201cEn Orihuela hay un caso \u00fanico, que es la realizaci\u00f3n de un conjunto pict\u00f3rico ex profeso en tres a\u00f1os y fue hecho por Vicente L\u00f3pez\u201d, ha detallado Mariano Cecilia. De este modo, el patrimonio que forma parte del monasterio y que se expondr\u00e1 durante los pr\u00f3ximos meses \u201csali\u00f3 del Palacio Real de Madrid\u201d, lo cual \u201ces \u00fanico\u201d, en palabras del conservador del museo. Del mismo modo, ha avanzado que, en torno a la exposici\u00f3n, se realizar\u00e1n distintas actividades, como visitas tem\u00e1ticas, talleres did\u00e1cticos y un congreso del que se ofrecer\u00e1n detalles m\u00e1s adelante. <\/span><\/span><\/p>\n<p class=\"s15\"><span class=\"s14\"><span class=\"bumpedFont15\">Por \u00faltimo, el director del Museo Diocesano de Arte Sacro ha se\u00f1alado que el objetivo de la Di\u00f3cesis y de esta muestra es \u201cponer el patrimonio al servicio de Orihuela\u201d. En este sentido, ha explicado que este proyecto empez\u00f3 a gestarse hace un a\u00f1o y que sin la colaboraci\u00f3n de la Consejal\u00eda de Cultura hubiese sido dif\u00edcil sacarlo adelante. Asimismo, ha agradecido a las hermanas que habitan en el Monasterio de la Visitaci\u00f3n que hayan abierto el edificio para que pueda acoger la muestra. <\/span><\/span><\/p>\n<p class=\"s10\"><a href=\"https:\/\/cultura.orihuela.es\/wp-content\/uploads\/2023\/03\/DE9998EB-9C14-448B-86E2-1A2FA8E3ACC3.jpeg\"><img loading=\"lazy\" decoding=\"async\" class=\"alignnone size-full wp-image-219324\" src=\"https:\/\/cultura.orihuela.es\/wp-content\/uploads\/2023\/03\/DE9998EB-9C14-448B-86E2-1A2FA8E3ACC3.jpeg\" alt=\"\" width=\"1000\" height=\"1000\" srcset=\"https:\/\/cultura.orihuela.es\/wp-content\/uploads\/2023\/03\/DE9998EB-9C14-448B-86E2-1A2FA8E3ACC3.jpeg 1000w, https:\/\/cultura.orihuela.es\/wp-content\/uploads\/2023\/03\/DE9998EB-9C14-448B-86E2-1A2FA8E3ACC3-300x300.jpeg 300w, https:\/\/cultura.orihuela.es\/wp-content\/uploads\/2023\/03\/DE9998EB-9C14-448B-86E2-1A2FA8E3ACC3-150x150.jpeg 150w, https:\/\/cultura.orihuela.es\/wp-content\/uploads\/2023\/03\/DE9998EB-9C14-448B-86E2-1A2FA8E3ACC3-768x768.jpeg 768w, https:\/\/cultura.orihuela.es\/wp-content\/uploads\/2023\/03\/DE9998EB-9C14-448B-86E2-1A2FA8E3ACC3-12x12.jpeg 12w, https:\/\/cultura.orihuela.es\/wp-content\/uploads\/2023\/03\/DE9998EB-9C14-448B-86E2-1A2FA8E3ACC3-50x50.jpeg 50w, https:\/\/cultura.orihuela.es\/wp-content\/uploads\/2023\/03\/DE9998EB-9C14-448B-86E2-1A2FA8E3ACC3-650x650.jpeg 650w\" sizes=\"auto, (max-width: 1000px) 100vw, 1000px\" \/><\/a><\/p>\n","protected":false},"excerpt":{"rendered":"<p>\u2022 La muestra esta formada por textiles, piezas de orfebrer\u00eda , de n\u00e1car y 25 pinturas de Vicente L\u00f3pez, el cual recibi\u00f3 el eencargo de decorar la iglesia del monasterio<a href=\"https:\/\/cultura.orihuela.es\/?p=219321\" class=\"exp-read-more exp-read-more-dots\">&#8230;<\/a><\/p>\n","protected":false},"author":1,"featured_media":219327,"comment_status":"open","ping_status":"open","sticky":false,"template":"","format":"standard","meta":{"footnotes":""},"categories":[380],"tags":[],"yst_prominent_words":[635],"class_list":["post-219321","post","type-post","status-publish","format-standard","has-post-thumbnail","hentry","category-noticias"],"_links":{"self":[{"href":"https:\/\/cultura.orihuela.es\/index.php?rest_route=\/wp\/v2\/posts\/219321","targetHints":{"allow":["GET"]}}],"collection":[{"href":"https:\/\/cultura.orihuela.es\/index.php?rest_route=\/wp\/v2\/posts"}],"about":[{"href":"https:\/\/cultura.orihuela.es\/index.php?rest_route=\/wp\/v2\/types\/post"}],"author":[{"embeddable":true,"href":"https:\/\/cultura.orihuela.es\/index.php?rest_route=\/wp\/v2\/users\/1"}],"replies":[{"embeddable":true,"href":"https:\/\/cultura.orihuela.es\/index.php?rest_route=%2Fwp%2Fv2%2Fcomments&post=219321"}],"version-history":[{"count":3,"href":"https:\/\/cultura.orihuela.es\/index.php?rest_route=\/wp\/v2\/posts\/219321\/revisions"}],"predecessor-version":[{"id":219325,"href":"https:\/\/cultura.orihuela.es\/index.php?rest_route=\/wp\/v2\/posts\/219321\/revisions\/219325"}],"wp:featuredmedia":[{"embeddable":true,"href":"https:\/\/cultura.orihuela.es\/index.php?rest_route=\/wp\/v2\/media\/219327"}],"wp:attachment":[{"href":"https:\/\/cultura.orihuela.es\/index.php?rest_route=%2Fwp%2Fv2%2Fmedia&parent=219321"}],"wp:term":[{"taxonomy":"category","embeddable":true,"href":"https:\/\/cultura.orihuela.es\/index.php?rest_route=%2Fwp%2Fv2%2Fcategories&post=219321"},{"taxonomy":"post_tag","embeddable":true,"href":"https:\/\/cultura.orihuela.es\/index.php?rest_route=%2Fwp%2Fv2%2Ftags&post=219321"},{"taxonomy":"yst_prominent_words","embeddable":true,"href":"https:\/\/cultura.orihuela.es\/index.php?rest_route=%2Fwp%2Fv2%2Fyst_prominent_words&post=219321"}],"curies":[{"name":"wp","href":"https:\/\/api.w.org\/{rel}","templated":true}]}}