{"id":219317,"date":"2023-03-27T09:37:00","date_gmt":"2023-03-27T08:37:00","guid":{"rendered":"https:\/\/culturaorihuela.com\/?p=219317"},"modified":"2023-03-27T09:37:00","modified_gmt":"2023-03-27T08:37:00","slug":"este-martes-se-fallara-el-premio-internacional-de-poesia-miguel-hernandez","status":"publish","type":"post","link":"https:\/\/cultura.orihuela.es\/?p=219317","title":{"rendered":"Este martes se fallar\u00e1 el Premio Internacional de Poes\u00eda Miguel Hern\u00e1ndez"},"content":{"rendered":"<p style=\"font-weight: 400;\">Este pr\u00f3ximo martes d\u00eda 28 de marzo, d\u00eda en que se cumple el 81 aniversario de la muerte del poeta oriolano, se fallar\u00e1 el Premio Internacional de Poes\u00eda \u201cMiguel Hern\u00e1ndez-Comunidad Valenciana\u201d en la edici\u00f3n del presente a\u00f1o 2023.<\/p>\n<p style=\"font-weight: 400;\">El nombre del ganador o ganadora se dar\u00e1 a conocer en una rueda de prensa en el Hotel-Palacio de Tudemir, en Orihuela, a las 13:00 horas. Este a\u00f1o han concurrido 1.578 poemarios.<\/p>\n<p style=\"font-weight: 400;\">El Premio, convocado por la Fundaci\u00f3n Cultural Miguel Hern\u00e1ndez, cuenta tambi\u00e9n con el apoyo de la Conselleria de Cultura de la Generalitat\u00a0\u00a0Valenciana, el \u00c1rea de Cultura de la Diputaci\u00f3n de Alicante y la Concejal\u00eda de Cultura del Ayuntamiento de Orihuela.<\/p>\n","protected":false},"excerpt":{"rendered":"<p>Este pr\u00f3ximo martes d\u00eda 28 de marzo, d\u00eda en que se cumple el 81 aniversario de la muerte del poeta oriolano, se fallar\u00e1 el Premio Internacional de Poes\u00eda \u201cMiguel Hern\u00e1ndez-Comunidad<a href=\"https:\/\/cultura.orihuela.es\/?p=219317\" class=\"exp-read-more exp-read-more-dots\">&#8230;<\/a><\/p>\n","protected":false},"author":1,"featured_media":219318,"comment_status":"open","ping_status":"open","sticky":false,"template":"","format":"standard","meta":{"footnotes":""},"categories":[380],"tags":[],"yst_prominent_words":[666,655,526,701,1442],"class_list":["post-219317","post","type-post","status-publish","format-standard","has-post-thumbnail","hentry","category-noticias"],"_links":{"self":[{"href":"https:\/\/cultura.orihuela.es\/index.php?rest_route=\/wp\/v2\/posts\/219317","targetHints":{"allow":["GET"]}}],"collection":[{"href":"https:\/\/cultura.orihuela.es\/index.php?rest_route=\/wp\/v2\/posts"}],"about":[{"href":"https:\/\/cultura.orihuela.es\/index.php?rest_route=\/wp\/v2\/types\/post"}],"author":[{"embeddable":true,"href":"https:\/\/cultura.orihuela.es\/index.php?rest_route=\/wp\/v2\/users\/1"}],"replies":[{"embeddable":true,"href":"https:\/\/cultura.orihuela.es\/index.php?rest_route=%2Fwp%2Fv2%2Fcomments&post=219317"}],"version-history":[{"count":1,"href":"https:\/\/cultura.orihuela.es\/index.php?rest_route=\/wp\/v2\/posts\/219317\/revisions"}],"predecessor-version":[{"id":219319,"href":"https:\/\/cultura.orihuela.es\/index.php?rest_route=\/wp\/v2\/posts\/219317\/revisions\/219319"}],"wp:featuredmedia":[{"embeddable":true,"href":"https:\/\/cultura.orihuela.es\/index.php?rest_route=\/wp\/v2\/media\/219318"}],"wp:attachment":[{"href":"https:\/\/cultura.orihuela.es\/index.php?rest_route=%2Fwp%2Fv2%2Fmedia&parent=219317"}],"wp:term":[{"taxonomy":"category","embeddable":true,"href":"https:\/\/cultura.orihuela.es\/index.php?rest_route=%2Fwp%2Fv2%2Fcategories&post=219317"},{"taxonomy":"post_tag","embeddable":true,"href":"https:\/\/cultura.orihuela.es\/index.php?rest_route=%2Fwp%2Fv2%2Ftags&post=219317"},{"taxonomy":"yst_prominent_words","embeddable":true,"href":"https:\/\/cultura.orihuela.es\/index.php?rest_route=%2Fwp%2Fv2%2Fyst_prominent_words&post=219317"}],"curies":[{"name":"wp","href":"https:\/\/api.w.org\/{rel}","templated":true}]}}