{"id":219311,"date":"2023-03-24T16:24:50","date_gmt":"2023-03-24T15:24:50","guid":{"rendered":"https:\/\/culturaorihuela.com\/?p=219311"},"modified":"2023-03-24T16:24:50","modified_gmt":"2023-03-24T15:24:50","slug":"el-museo-de-arte-sacro-ofrece-visitas-tematicas-en-distintos-puntos-del-patrimonio-historico-artistico-de-orihuela","status":"publish","type":"post","link":"https:\/\/cultura.orihuela.es\/?p=219311","title":{"rendered":"El Museo de Arte Sacro ofrece visitas tem\u00e1ticas en distintos puntos del patrimonio hist\u00f3rico-art\u00edstico de Orihuela"},"content":{"rendered":"<p class=\"s13\"><span class=\"s12\"><span class=\"bumpedFont15\">Los alumnos que hacen sus pr\u00e1cticas en el Museo Diocesano de Arte Sacro guiar\u00e1n visitas en distintos puntos del patrimonio hist\u00f3rico-art\u00edstico de Orihuela del 27 de marzo al 8 de abril. La concejala de Cultura, Mar Ezcurra, ha se\u00f1alado que esta iniciativa, titulada \u201cPasi\u00f3n por la tradici\u00f3n\u201d, consiste en \u201cvisitas tem\u00e1ticas y talleres interesant\u00edsimos que permitir\u00e1n conocer nuestro rico patrimonio hist\u00f3rico y cultural\u201d. \u00a0En este sentido, la concejala ha explicado que los interesados en realizar las visitas pueden inscribirse en la web del museo o a trav\u00e9s del tel\u00e9fono 673425681. <\/span><\/span><\/p>\n<p class=\"s13\">\n<p class=\"s13\"><span class=\"s12\"><span class=\"bumpedFont15\">Por su parte, el conservador del Museo Diocesano de Arte Sacro, Mariano Cecilia, ha explicado que los alumnos que realizan sus pr\u00e1cticas en el mencionado museo ser\u00e1n los encargados de guiar las visitas y los talleres previstos. En concreto, se trata de estudiantes del grado de Historia del Arte, del m\u00e1ster en Investigaci\u00f3n y Gesti\u00f3n del Patrimonio de la Universidad de Murcia, as\u00ed como del m\u00e1ster en Arqueolog\u00eda Profesional de la Universidad de Alicante. \u201cEsta iniciativa tiene una doble finalidad, difundir el patrimonio y formar a los alumnos, que son muchos los que pasan a lo largo del a\u00f1o\u201d. En este sentido, el objetivo de las visitas es \u201cdar a conocer nuestras tradiciones y, en particular, la Semana Santa\u201d.<\/span><\/span><\/p>\n<p class=\"s13\"><a href=\"https:\/\/cultura.orihuela.es\/wp-content\/uploads\/2023\/03\/828365E9-69B0-4AA9-8A69-1F73CF242108.jpeg\"><img loading=\"lazy\" decoding=\"async\" class=\"alignnone size-full wp-image-219312\" src=\"https:\/\/cultura.orihuela.es\/wp-content\/uploads\/2023\/03\/828365E9-69B0-4AA9-8A69-1F73CF242108.jpeg\" alt=\"\" width=\"724\" height=\"1024\" srcset=\"https:\/\/cultura.orihuela.es\/wp-content\/uploads\/2023\/03\/828365E9-69B0-4AA9-8A69-1F73CF242108.jpeg 724w, https:\/\/cultura.orihuela.es\/wp-content\/uploads\/2023\/03\/828365E9-69B0-4AA9-8A69-1F73CF242108-212x300.jpeg 212w, https:\/\/cultura.orihuela.es\/wp-content\/uploads\/2023\/03\/828365E9-69B0-4AA9-8A69-1F73CF242108-8x12.jpeg 8w, https:\/\/cultura.orihuela.es\/wp-content\/uploads\/2023\/03\/828365E9-69B0-4AA9-8A69-1F73CF242108-35x50.jpeg 35w, https:\/\/cultura.orihuela.es\/wp-content\/uploads\/2023\/03\/828365E9-69B0-4AA9-8A69-1F73CF242108-650x919.jpeg 650w, https:\/\/cultura.orihuela.es\/wp-content\/uploads\/2023\/03\/828365E9-69B0-4AA9-8A69-1F73CF242108-50x71.jpeg 50w\" sizes=\"auto, (max-width: 724px) 100vw, 724px\" \/><\/a><\/p>\n<p class=\"s13\"><span class=\"s12\"><span class=\"bumpedFont15\">P<\/span><\/span><span class=\"s12\"><span class=\"bumpedFont15\">or \u00faltimo, Jorge Molera, uno de los estudiantes que participa en esta iniciativa ha detallado que se realizar\u00e1n visitas tem\u00e1ticas al claustro del Museo Diocesano de Arte Sacro, donde permanece la muestra \u201cSepultus est\u201d, la Catedral, la iglesia de Santas Justa y Rufina, la de Santiago y el Santuario de Monserrate. Adem\u00e1s, habr\u00e1 talleres tanto para ni\u00f1os como para adultos en los que se realizar\u00e1n broches con las t\u00edpicas palmas de Domingo de Ramos y nazarenos, adem\u00e1s de fichas con informaci\u00f3n de las procesiones de Semana Santa.<\/span><\/span><\/p>\n<p class=\"s10\">\n<p class=\"s10\">\n","protected":false},"excerpt":{"rendered":"<p>Los alumnos que hacen sus pr\u00e1cticas en el Museo Diocesano de Arte Sacro guiar\u00e1n visitas en distintos puntos del patrimonio hist\u00f3rico-art\u00edstico de Orihuela del 27 de marzo al 8 de<a href=\"https:\/\/cultura.orihuela.es\/?p=219311\" class=\"exp-read-more exp-read-more-dots\">&#8230;<\/a><\/p>\n","protected":false},"author":1,"featured_media":219313,"comment_status":"open","ping_status":"open","sticky":false,"template":"","format":"standard","meta":{"footnotes":""},"categories":[380],"tags":[458,1845,2000],"yst_prominent_words":[1223,1029,885,1704,981,1187,794,982],"class_list":["post-219311","post","type-post","status-publish","format-standard","has-post-thumbnail","hentry","category-noticias","tag-concejalia-de-cultura","tag-mar-ezcurra","tag-museo-de-arte-sacro"],"_links":{"self":[{"href":"https:\/\/cultura.orihuela.es\/index.php?rest_route=\/wp\/v2\/posts\/219311","targetHints":{"allow":["GET"]}}],"collection":[{"href":"https:\/\/cultura.orihuela.es\/index.php?rest_route=\/wp\/v2\/posts"}],"about":[{"href":"https:\/\/cultura.orihuela.es\/index.php?rest_route=\/wp\/v2\/types\/post"}],"author":[{"embeddable":true,"href":"https:\/\/cultura.orihuela.es\/index.php?rest_route=\/wp\/v2\/users\/1"}],"replies":[{"embeddable":true,"href":"https:\/\/cultura.orihuela.es\/index.php?rest_route=%2Fwp%2Fv2%2Fcomments&post=219311"}],"version-history":[{"count":1,"href":"https:\/\/cultura.orihuela.es\/index.php?rest_route=\/wp\/v2\/posts\/219311\/revisions"}],"predecessor-version":[{"id":219314,"href":"https:\/\/cultura.orihuela.es\/index.php?rest_route=\/wp\/v2\/posts\/219311\/revisions\/219314"}],"wp:featuredmedia":[{"embeddable":true,"href":"https:\/\/cultura.orihuela.es\/index.php?rest_route=\/wp\/v2\/media\/219313"}],"wp:attachment":[{"href":"https:\/\/cultura.orihuela.es\/index.php?rest_route=%2Fwp%2Fv2%2Fmedia&parent=219311"}],"wp:term":[{"taxonomy":"category","embeddable":true,"href":"https:\/\/cultura.orihuela.es\/index.php?rest_route=%2Fwp%2Fv2%2Fcategories&post=219311"},{"taxonomy":"post_tag","embeddable":true,"href":"https:\/\/cultura.orihuela.es\/index.php?rest_route=%2Fwp%2Fv2%2Ftags&post=219311"},{"taxonomy":"yst_prominent_words","embeddable":true,"href":"https:\/\/cultura.orihuela.es\/index.php?rest_route=%2Fwp%2Fv2%2Fyst_prominent_words&post=219311"}],"curies":[{"name":"wp","href":"https:\/\/api.w.org\/{rel}","templated":true}]}}