{"id":219307,"date":"2023-03-23T16:35:03","date_gmt":"2023-03-23T15:35:03","guid":{"rendered":"https:\/\/culturaorihuela.com\/?p=219307"},"modified":"2023-03-23T16:35:03","modified_gmt":"2023-03-23T15:35:03","slug":"la-sala-de-exposiciones-de-la-casa-museo-miguel-hernandez-acoge-la-muestra-querido-amigo-miguel-hernandez-y-las-cartas-a-jose-maria-de-cossio","status":"publish","type":"post","link":"https:\/\/cultura.orihuela.es\/?p=219307","title":{"rendered":"La sala de exposiciones de la Casa Museo Miguel Hern\u00e1ndez acoge la muestra  \u201cQuerido amigo\u2026 Miguel Hern\u00e1ndez y las cartas a Jos\u00e9 Mar\u00eda de Coss\u00edo\u201d"},"content":{"rendered":"<h5><span class=\"s11\">\u2022 <\/span><span class=\"s12\"><span class=\"bumpedFont15\">La exposici\u00f3n ha sido creada por la Vicepresidencia del Gobierno y la Consejer\u00eda de Cultura de Cantabria y recoge, entre otros elementos, 17 cartas entre el poeta y el autor de la enciclopedia Los Toros<\/span><\/span><\/h5>\n<p class=\"s15\"><span class=\"s14\"><span class=\"bumpedFont15\">La sala de exposiciones de la Casa Museo Miguel Hern\u00e1ndez acoge, desde hoy y hasta el 17 de septiembre, la exposici\u00f3n \u201cQuerido amigo\u2026 Miguel Hern\u00e1ndez y las cartas a Jos\u00e9 Mar\u00eda de Coss\u00edo\u201d. La muestra ha sido presentada por la concejala de Cultura, Mar Ezcurra; la directora de la Casa Museo de Jos\u00e9 Mar\u00eda de Coss\u00edo, Agustina Monasterio; el director de la Casa Museo Miguel Hern\u00e1ndez, Tom\u00e1s Serna, y el director de la Fundaci\u00f3n Cultural Miguel Hern\u00e1ndez, Aitor Larrabide. As\u00ed, Mar Ezcurra ha explicado que esta exposici\u00f3n fue creada por la Vicepresidencia del Gobierno y la Consejer\u00eda de Cultura de Cantabria y cedida ahora a Orihuela para que forme parte de los actos organizados en torno a la Primavera Hernandiana. La concejala de Cultura ha apuntado que la muestra \u201cnos brinda la posibilidad de adentrarnos en la relaci\u00f3n personal del poeta oriolano y el responsable de la famosa enciclopedia Los Toros, en la que colabor\u00f3 Miguel Hern\u00e1ndez\u201d. \u201cEsa relaci\u00f3n personal trascendi\u00f3 lo profesional, llegando a ser esencial en algunos momentos de la vida de Miguel, como la conmutaci\u00f3n de su pena de muerte por c\u00e1rcel, ayud\u00e1ndole econ\u00f3micamente a \u00e9l y a su familia u ofreci\u00e9ndole casa\u201d, ha a\u00f1adido. Acerca del contenido de la exposici\u00f3n, Mar Ezcurra ha destacado las 17 cartas que se conservan de la correspondencia entre ambos, as\u00ed como una primera edici\u00f3n de \u201cViento del Pueblo\u201d firmada por el propio Miguel Hern\u00e1ndez que forma parte del legado de Coss\u00edo. Tambi\u00e9n destacan un ejemplar de la edici\u00f3n argentina de \u201cEl rayo que no cesa\u201d y otro de la Obra Escogida de Miguel Hern\u00e1ndez publicada en 1954.<\/span><\/span><\/p>\n<p class=\"s15\"><a href=\"https:\/\/cultura.orihuela.es\/wp-content\/uploads\/2023\/03\/0FD28329-FC72-4DB4-8695-88D76D2E91FF.jpeg\"><img loading=\"lazy\" decoding=\"async\" class=\"alignnone size-full wp-image-219308\" src=\"https:\/\/cultura.orihuela.es\/wp-content\/uploads\/2023\/03\/0FD28329-FC72-4DB4-8695-88D76D2E91FF.jpeg\" alt=\"\" width=\"1312\" height=\"2048\" srcset=\"https:\/\/cultura.orihuela.es\/wp-content\/uploads\/2023\/03\/0FD28329-FC72-4DB4-8695-88D76D2E91FF.jpeg 1312w, https:\/\/cultura.orihuela.es\/wp-content\/uploads\/2023\/03\/0FD28329-FC72-4DB4-8695-88D76D2E91FF-192x300.jpeg 192w, https:\/\/cultura.orihuela.es\/wp-content\/uploads\/2023\/03\/0FD28329-FC72-4DB4-8695-88D76D2E91FF-656x1024.jpeg 656w, https:\/\/cultura.orihuela.es\/wp-content\/uploads\/2023\/03\/0FD28329-FC72-4DB4-8695-88D76D2E91FF-768x1199.jpeg 768w, https:\/\/cultura.orihuela.es\/wp-content\/uploads\/2023\/03\/0FD28329-FC72-4DB4-8695-88D76D2E91FF-984x1536.jpeg 984w, https:\/\/cultura.orihuela.es\/wp-content\/uploads\/2023\/03\/0FD28329-FC72-4DB4-8695-88D76D2E91FF-8x12.jpeg 8w, https:\/\/cultura.orihuela.es\/wp-content\/uploads\/2023\/03\/0FD28329-FC72-4DB4-8695-88D76D2E91FF-1160x1811.jpeg 1160w, https:\/\/cultura.orihuela.es\/wp-content\/uploads\/2023\/03\/0FD28329-FC72-4DB4-8695-88D76D2E91FF-32x50.jpeg 32w, https:\/\/cultura.orihuela.es\/wp-content\/uploads\/2023\/03\/0FD28329-FC72-4DB4-8695-88D76D2E91FF-650x1015.jpeg 650w, https:\/\/cultura.orihuela.es\/wp-content\/uploads\/2023\/03\/0FD28329-FC72-4DB4-8695-88D76D2E91FF-1000x1561.jpeg 1000w, https:\/\/cultura.orihuela.es\/wp-content\/uploads\/2023\/03\/0FD28329-FC72-4DB4-8695-88D76D2E91FF-50x78.jpeg 50w\" sizes=\"auto, (max-width: 1312px) 100vw, 1312px\" \/><\/a><\/p>\n<p class=\"s15\"><span class=\"s14\"><span class=\"bumpedFont15\">La directora de la Casa Museo de Jos\u00e9 Mar\u00eda de Coss\u00edo, conocida como La Casona de Tudanca, ha destacado \u201cel legado literario y humano de Miguel Hern\u00e1ndez,que pag\u00f3 con su vida ser una persona digna y coherente\u201d. \u201cLa casona es el lugar en el que hubi\u00e9semos querido que Miguel Hern\u00e1ndez se hubiese refugiado\u201d, ha dicho Agustina Monasterio, quien ha detallado que en la Casa Museo que dirige se conserva uno de los doce ejemplares de \u201cEl hombre acecha\u201d que existen, as\u00ed como numerosos manuscritos que el poeta oriolano le entreg\u00f3 a Coss\u00edo en los a\u00f1os 30. De este modo, Monasterio ha recordado que ambos trabaron amistad cuando Hern\u00e1ndez fue ayudante del autor de \u201cLos Toros\u201d en la editorial Espasa Calpe. \u201cSabemos que Coss\u00edo es ya y para siempre el amigo de Miguel Hern\u00e1ndez\u201d, ha dicho, al tiempo que ha considerado que \u201cla casa de Tudanca no ser\u00eda lo que es sin la historia tr\u00e1gica que la une a las vidas extraordinarias y ejemplares de Miguel Hern\u00e1ndez y Federico Garc\u00eda Lorca\u201d.<\/span><\/span><\/p>\n<p class=\"s15\">\n<p class=\"s15\"><span class=\"s14\"><span class=\"bumpedFont15\">Por su parte, el director de la Casa Museo de Miguel Hern\u00e1ndez ha explicado que los elementos de esta exposici\u00f3n \u201cnos est\u00e1n ense\u00f1ando momentos muy puntuales y crueles\u201d de la vida de ambos. Adem\u00e1s, Tom\u00e1s Serna ha se\u00f1alado que ofrece \u201cdistintos niveles de lectura\u201d, lo que permite visitarla en el tiempo del que se disponga. \u201cEs una exposici\u00f3n llena de detalles\u201d, ha dicho al tiempo que destacado que \u201centre las joyas, tenemos ese ejemplar de \u201cViento del Pueblo\u201d, firmado de pu\u00f1o y letra por Miguel Hern\u00e1ndez\u201d. Aitor Larrabide ha subrayado que la instalaci\u00f3n de la muestra en Orihuela \u201ces un sue\u00f1o hecho realidad\u201d. \u201cLa amistad es el hilo conductor de la exposici\u00f3n\u201d, ha dicho el director de la Fundaci\u00f3n Cultural Miguel Hern\u00e1ndez, quien ha remarcado la colaboraci\u00f3n entre las instituciones que han hecho realidad la exposici\u00f3n. <\/span><\/span><\/p>\n<p class=\"s10\">\n","protected":false},"excerpt":{"rendered":"<p>\u2022 La exposici\u00f3n ha sido creada por la Vicepresidencia del Gobierno y la Consejer\u00eda de Cultura de Cantabria y recoge, entre otros elementos, 17 cartas entre el poeta y el<a href=\"https:\/\/cultura.orihuela.es\/?p=219307\" class=\"exp-read-more exp-read-more-dots\">&#8230;<\/a><\/p>\n","protected":false},"author":1,"featured_media":219309,"comment_status":"open","ping_status":"open","sticky":false,"template":"","format":"standard","meta":{"footnotes":""},"categories":[380],"tags":[1913,458,1923,3971,1845,132],"yst_prominent_words":[979,975,972,896,1449,895,891,655,630,976],"class_list":["post-219307","post","type-post","status-publish","format-standard","has-post-thumbnail","hentry","category-noticias","tag-casa-museo-miguel-hernandez","tag-concejalia-de-cultura","tag-fundacion-cultural-miguel-hernandez","tag-jose-maria-de-cossio","tag-mar-ezcurra","tag-miguel-hernandez"],"_links":{"self":[{"href":"https:\/\/cultura.orihuela.es\/index.php?rest_route=\/wp\/v2\/posts\/219307","targetHints":{"allow":["GET"]}}],"collection":[{"href":"https:\/\/cultura.orihuela.es\/index.php?rest_route=\/wp\/v2\/posts"}],"about":[{"href":"https:\/\/cultura.orihuela.es\/index.php?rest_route=\/wp\/v2\/types\/post"}],"author":[{"embeddable":true,"href":"https:\/\/cultura.orihuela.es\/index.php?rest_route=\/wp\/v2\/users\/1"}],"replies":[{"embeddable":true,"href":"https:\/\/cultura.orihuela.es\/index.php?rest_route=%2Fwp%2Fv2%2Fcomments&post=219307"}],"version-history":[{"count":1,"href":"https:\/\/cultura.orihuela.es\/index.php?rest_route=\/wp\/v2\/posts\/219307\/revisions"}],"predecessor-version":[{"id":219310,"href":"https:\/\/cultura.orihuela.es\/index.php?rest_route=\/wp\/v2\/posts\/219307\/revisions\/219310"}],"wp:featuredmedia":[{"embeddable":true,"href":"https:\/\/cultura.orihuela.es\/index.php?rest_route=\/wp\/v2\/media\/219309"}],"wp:attachment":[{"href":"https:\/\/cultura.orihuela.es\/index.php?rest_route=%2Fwp%2Fv2%2Fmedia&parent=219307"}],"wp:term":[{"taxonomy":"category","embeddable":true,"href":"https:\/\/cultura.orihuela.es\/index.php?rest_route=%2Fwp%2Fv2%2Fcategories&post=219307"},{"taxonomy":"post_tag","embeddable":true,"href":"https:\/\/cultura.orihuela.es\/index.php?rest_route=%2Fwp%2Fv2%2Ftags&post=219307"},{"taxonomy":"yst_prominent_words","embeddable":true,"href":"https:\/\/cultura.orihuela.es\/index.php?rest_route=%2Fwp%2Fv2%2Fyst_prominent_words&post=219307"}],"curies":[{"name":"wp","href":"https:\/\/api.w.org\/{rel}","templated":true}]}}