{"id":219297,"date":"2023-03-21T13:41:59","date_gmt":"2023-03-21T12:41:59","guid":{"rendered":"https:\/\/culturaorihuela.com\/?p=219297"},"modified":"2023-03-21T15:00:52","modified_gmt":"2023-03-21T14:00:52","slug":"la-concejalia-de-cultura-llena-de-versos-orihuela-para-celebrar-el-dia-mundial-de-la-poesia","status":"publish","type":"post","link":"https:\/\/cultura.orihuela.es\/?p=219297","title":{"rendered":"La Concejal\u00eda de Cultura llena de versos Orihuela para celebrar el D\u00eda Mundial de la Poes\u00eda"},"content":{"rendered":"<p>La Concejal\u00eda de Cultura ha llenado las calles de Orihuela de versos con motivo del D\u00eda Mundial de la Poes\u00eda. La concejala del \u00e1rea, Mar Ezcurra, ha se\u00f1alado que \u201clas Concejal\u00edas de Cultura y Juventud han querido celebrar con oriolanos y visitantes este d\u00eda llenando de versos tanto pasos de peatones como en plazas, avenidas y calles de la ciudad, de pedan\u00edas y de Orihuela Costa\u201d. En este sentido, Mar Ezcurra ha explicado que<span class=\"Apple-converted-space\">\u00a0 <\/span>esta iniciativa tiene como objetivo \u201csacar la poes\u00eda a la calle para que salga al encuentro de la gente y pueda disfrutarla mientras da un paseo por las calles de nuestra ciudad\u201d. Adem\u00e1s, ha recordado que Orihuela se encuentra inmersa en la Primavera Hernandiana, la cual acoge diferentes actividades en recuerdo del poeta Miguel Hern\u00e1ndez, con motivo del 81\u00ba aniversario de su fallecimiento.<span class=\"Apple-converted-space\">\u00a0<\/span><\/p>\n<p>As\u00ed, la ciudad se ha despertado con versos del propio Miguel Hern\u00e1ndez, Emily Dickinson, Antonio Machado, Federico Garc\u00eda Lorca, Rosal\u00eda de Castro y Elvira Sastre, entre otros autores. En palabras de la concejala de Cultura, esta actuaci\u00f3n \u201cpretende acercar la poes\u00eda a los ciudadanos y despertar su curiosidad para que se acerquen a este g\u00e9nero literario\u201d.<\/p>\n<div class=\"cff-embed-wrap cff-video-embed-wrap\">\n<div id=\"fb-root\"><\/div>\n<p><script async=\"1\" defer=\"1\" crossorigin=\"anonymous\" src=\"https:\/\/connect.facebook.net\/es_LA\/sdk.js#xfbml=1&amp;version=v16.0\" nonce=\"2bCUrLmm\"><\/script><\/p>\n<div class=\"fb-video cff-embed cff-video-embed\" data-href=\"https:\/\/fb.watch\/jpstpCPN9F\/\" data-width=\"1160\">\n<blockquote cite=\"https:\/\/www.facebook.com\/oricultura\/videos\/170697062073270\/\" class=\"fb-xfbml-parse-ignore\"><p><a href=\"https:\/\/www.facebook.com\/oricultura\/videos\/170697062073270\/\"><\/a><\/p>\n<p>Orihuela se llena de versos para celebrar el D\u00eda Mundial de la Poes\u00eda. La concejala de Cultura y Juventud, Mar Ezcurra, ha presentado esta iniciativa que contempla versos de diferentes poetas y poetisas en pasos de peatones y vinilos en plazas y avenidas. #di\u0301amundialdelapoesi\u0301a #Orihuelaespoes\u00eda #PrimaveraHernandiana #MiguelHern\u00e1ndez<\/p>\n<p>Publicado por <a href=\"https:\/\/www.facebook.com\/oricultura\">Cultura Orihuela<\/a> en Martes, 21 de marzo de 2023<\/p><\/blockquote>\n<\/div>\n<\/div>\n","protected":false},"excerpt":{"rendered":"<p>La Concejal\u00eda de Cultura ha llenado las calles de Orihuela de versos con motivo del D\u00eda Mundial de la Poes\u00eda. La concejala del \u00e1rea, Mar Ezcurra, ha se\u00f1alado que \u201clas<a href=\"https:\/\/cultura.orihuela.es\/?p=219297\" class=\"exp-read-more exp-read-more-dots\">&#8230;<\/a><\/p>\n","protected":false},"author":1,"featured_media":219298,"comment_status":"open","ping_status":"open","sticky":false,"template":"","format":"standard","meta":{"footnotes":""},"categories":[380],"tags":[458,1998,3970,1845],"yst_prominent_words":[2196,1109,885,666,605,658,798,562,655,630,526,1579,1697],"class_list":["post-219297","post","type-post","status-publish","format-standard","has-post-thumbnail","hentry","category-noticias","tag-concejalia-de-cultura","tag-culturaorihuela-com","tag-dia-internacional-de-la-poesia","tag-mar-ezcurra"],"_links":{"self":[{"href":"https:\/\/cultura.orihuela.es\/index.php?rest_route=\/wp\/v2\/posts\/219297","targetHints":{"allow":["GET"]}}],"collection":[{"href":"https:\/\/cultura.orihuela.es\/index.php?rest_route=\/wp\/v2\/posts"}],"about":[{"href":"https:\/\/cultura.orihuela.es\/index.php?rest_route=\/wp\/v2\/types\/post"}],"author":[{"embeddable":true,"href":"https:\/\/cultura.orihuela.es\/index.php?rest_route=\/wp\/v2\/users\/1"}],"replies":[{"embeddable":true,"href":"https:\/\/cultura.orihuela.es\/index.php?rest_route=%2Fwp%2Fv2%2Fcomments&post=219297"}],"version-history":[{"count":5,"href":"https:\/\/cultura.orihuela.es\/index.php?rest_route=\/wp\/v2\/posts\/219297\/revisions"}],"predecessor-version":[{"id":219303,"href":"https:\/\/cultura.orihuela.es\/index.php?rest_route=\/wp\/v2\/posts\/219297\/revisions\/219303"}],"wp:featuredmedia":[{"embeddable":true,"href":"https:\/\/cultura.orihuela.es\/index.php?rest_route=\/wp\/v2\/media\/219298"}],"wp:attachment":[{"href":"https:\/\/cultura.orihuela.es\/index.php?rest_route=%2Fwp%2Fv2%2Fmedia&parent=219297"}],"wp:term":[{"taxonomy":"category","embeddable":true,"href":"https:\/\/cultura.orihuela.es\/index.php?rest_route=%2Fwp%2Fv2%2Fcategories&post=219297"},{"taxonomy":"post_tag","embeddable":true,"href":"https:\/\/cultura.orihuela.es\/index.php?rest_route=%2Fwp%2Fv2%2Ftags&post=219297"},{"taxonomy":"yst_prominent_words","embeddable":true,"href":"https:\/\/cultura.orihuela.es\/index.php?rest_route=%2Fwp%2Fv2%2Fyst_prominent_words&post=219297"}],"curies":[{"name":"wp","href":"https:\/\/api.w.org\/{rel}","templated":true}]}}