{"id":219282,"date":"2023-03-10T16:09:52","date_gmt":"2023-03-10T15:09:52","guid":{"rendered":"https:\/\/culturaorihuela.com\/?p=219282"},"modified":"2023-03-10T16:09:52","modified_gmt":"2023-03-10T15:09:52","slug":"el-auditorio-la-lonja-acogera-una-charla-a-cargo-de-bisila-bokoko-el-proximo-15-de-marzo","status":"publish","type":"post","link":"https:\/\/cultura.orihuela.es\/?p=219282","title":{"rendered":"El auditorio La Lonja acoger\u00e1 una charla a cargo de Bisila Bokoko el pr\u00f3ximo 15 de marzo"},"content":{"rendered":"<p class=\"s12\"><span class=\"s13\"><span class=\"bumpedFont15\">El auditorio La Lonja acoger\u00e1, el pr\u00f3ximo 15 de marzo a partir de las 20 horas, una charla a cargo de Bisila Bokoko, quien tambi\u00e9n presentar\u00e1 su libro \u201cTodos tenemos una historia que contar\u201d. El acto ha sido presentado por la concejala de Cultura, Mar Ezcurra, y Amaya S\u00e1nchez, promotora del evento. \u201cEs unan suerte que Bisila Bokoko vaya a visitarnos\u201d, ha dicho Mar Ezcurra, quien ha detallado que el acto contendr\u00e1 \u201cuna charla inspiradora para descubrir el gran relato de nuestra vida y habr\u00e1 una peque\u00f1a actuaci\u00f3n musical\u201d. \u201cSer\u00e1 un evento emotivo y queremos invitar a toda la ciudadan\u00eda\u201d, ha apuntado.<\/span><\/span><\/p>\n<p class=\"s12\">\n<p class=\"s12\"><span class=\"s13\"><span class=\"bumpedFont15\">Bisila Bokoko es emprendedora y fue directora de la C\u00e1mara de Comercio de Espa\u00f1a en Estados Unidos. Adem\u00e1s, dirige una fundaci\u00f3n que se encarga de construir bibliotecas en \u00c1frica. As\u00ed, Amaya S\u00e1nchez ha se\u00f1alado que \u201cel acto ser\u00e1 algo m\u00e1s que la presentaci\u00f3n de un libro\u201d y que \u201ctodos vamos a aprender algo para llevarnos a casa despu\u00e9s del evento\u201d. Adem\u00e1s, la promotora de acto ha insistido en comprar el libro de Bokoko, en el que da claves para alcanzar el \u00a0\u00e9xito o reponerse de los fracasos, ya que los beneficios est\u00e1n destinados a la fundaci\u00f3n de la autora en \u00c1frica. \u201cEs un lujo que Bisila Bokoko venga a Orihuela\u201d, ha apuntado Amaya S\u00e1nchez quien ha invitado a toda la ciudadan\u00eda a \u201cdisfrutar de la creatividad y la generosidad de Bisila Bokoko\u201d.<\/span><\/span><\/p>\n<p><a href=\"https:\/\/cultura.orihuela.es\/wp-content\/uploads\/2023\/03\/CARTEL_BISILA_BOKOKO_A3-2.jpeg\"><img loading=\"lazy\" decoding=\"async\" class=\"alignnone size-full wp-image-219247\" src=\"https:\/\/cultura.orihuela.es\/wp-content\/uploads\/2023\/03\/CARTEL_BISILA_BOKOKO_A3-2.jpeg\" alt=\"\" width=\"501\" height=\"708\" srcset=\"https:\/\/cultura.orihuela.es\/wp-content\/uploads\/2023\/03\/CARTEL_BISILA_BOKOKO_A3-2.jpeg 501w, https:\/\/cultura.orihuela.es\/wp-content\/uploads\/2023\/03\/CARTEL_BISILA_BOKOKO_A3-2-212x300.jpeg 212w, https:\/\/cultura.orihuela.es\/wp-content\/uploads\/2023\/03\/CARTEL_BISILA_BOKOKO_A3-2-8x12.jpeg 8w, https:\/\/cultura.orihuela.es\/wp-content\/uploads\/2023\/03\/CARTEL_BISILA_BOKOKO_A3-2-35x50.jpeg 35w, https:\/\/cultura.orihuela.es\/wp-content\/uploads\/2023\/03\/CARTEL_BISILA_BOKOKO_A3-2-50x71.jpeg 50w\" sizes=\"auto, (max-width: 501px) 100vw, 501px\" \/><\/a><\/p>\n","protected":false},"excerpt":{"rendered":"<p>El auditorio La Lonja acoger\u00e1, el pr\u00f3ximo 15 de marzo a partir de las 20 horas, una charla a cargo de Bisila Bokoko, quien tambi\u00e9n presentar\u00e1 su libro \u201cTodos tenemos<a href=\"https:\/\/cultura.orihuela.es\/?p=219282\" class=\"exp-read-more exp-read-more-dots\">&#8230;<\/a><\/p>\n","protected":false},"author":1,"featured_media":219283,"comment_status":"open","ping_status":"open","sticky":false,"template":"","format":"standard","meta":{"footnotes":""},"categories":[380],"tags":[411,3964,458,1845,155],"yst_prominent_words":[740,1333,605,1974,1062,798,562,3011,1433],"class_list":["post-219282","post","type-post","status-publish","format-standard","has-post-thumbnail","hentry","category-noticias","tag-auditorio-de-la-lonja","tag-bisila-bokoko","tag-concejalia-de-cultura","tag-mar-ezcurra","tag-orihuela"],"_links":{"self":[{"href":"https:\/\/cultura.orihuela.es\/index.php?rest_route=\/wp\/v2\/posts\/219282","targetHints":{"allow":["GET"]}}],"collection":[{"href":"https:\/\/cultura.orihuela.es\/index.php?rest_route=\/wp\/v2\/posts"}],"about":[{"href":"https:\/\/cultura.orihuela.es\/index.php?rest_route=\/wp\/v2\/types\/post"}],"author":[{"embeddable":true,"href":"https:\/\/cultura.orihuela.es\/index.php?rest_route=\/wp\/v2\/users\/1"}],"replies":[{"embeddable":true,"href":"https:\/\/cultura.orihuela.es\/index.php?rest_route=%2Fwp%2Fv2%2Fcomments&post=219282"}],"version-history":[{"count":1,"href":"https:\/\/cultura.orihuela.es\/index.php?rest_route=\/wp\/v2\/posts\/219282\/revisions"}],"predecessor-version":[{"id":219284,"href":"https:\/\/cultura.orihuela.es\/index.php?rest_route=\/wp\/v2\/posts\/219282\/revisions\/219284"}],"wp:featuredmedia":[{"embeddable":true,"href":"https:\/\/cultura.orihuela.es\/index.php?rest_route=\/wp\/v2\/media\/219283"}],"wp:attachment":[{"href":"https:\/\/cultura.orihuela.es\/index.php?rest_route=%2Fwp%2Fv2%2Fmedia&parent=219282"}],"wp:term":[{"taxonomy":"category","embeddable":true,"href":"https:\/\/cultura.orihuela.es\/index.php?rest_route=%2Fwp%2Fv2%2Fcategories&post=219282"},{"taxonomy":"post_tag","embeddable":true,"href":"https:\/\/cultura.orihuela.es\/index.php?rest_route=%2Fwp%2Fv2%2Ftags&post=219282"},{"taxonomy":"yst_prominent_words","embeddable":true,"href":"https:\/\/cultura.orihuela.es\/index.php?rest_route=%2Fwp%2Fv2%2Fyst_prominent_words&post=219282"}],"curies":[{"name":"wp","href":"https:\/\/api.w.org\/{rel}","templated":true}]}}