{"id":215260,"date":"2018-07-23T14:43:15","date_gmt":"2018-07-23T14:43:15","guid":{"rendered":"https:\/\/culturaorihuela.com\/cultura-programa-visitas-guiadas-gratuitas-en-la-casa-museo-miguel-hernandez-y-en-el-museo-de-la-muralla\/"},"modified":"2018-07-23T14:43:15","modified_gmt":"2018-07-23T14:43:15","slug":"cultura-programa-visitas-guiadas-gratuitas-en-la-casa-museo-miguel-hernandez-y-en-el-museo-de-la-muralla","status":"publish","type":"post","link":"https:\/\/cultura.orihuela.es\/?p=215260","title":{"rendered":"Cultura programa visitas guiadas gratuitas en la Casa Museo Miguel Hern\u00e1ndez y en el Museo de la Muralla."},"content":{"rendered":"<p>Mar Ezcurra, concejala de Cultura, ha comunicado esta ma\u00f1ana que desde este lunes 23 de julio y hasta el 15 de septiembre,\u00a0\u00a0se pone en funcionamiento las visitas guiadas gratuitas en la Casa Museo Miguel Hern\u00e1ndez y en el Museo de la Muralla. Una iniciativa que pretende <strong>\u201cpromover el turismo en nuestra ciudad durante la \u00e9poca estival para que los visitantes puedan descubrir las maravillas que guarda Orihuela\u201d <\/strong>ha indicado Ezcurra.<\/p>\n<p>Seg\u00fan a\u00f1ade la edil de Cultura <strong>\u201cen estos d\u00edas en los que la gente tiene la mirada puesta en la playa, tenemos que fomentar el turismo de interior, por eso hemos organizado estas visitas guiadas gratuitas en las que la gente podr\u00e1 descubrir las ra\u00edces oriolanas, a trav\u00e9s de nuestro poeta Miguel Hern\u00e1ndez, as\u00ed como nuestra historia en el Museo de la Muralla\u201d.<\/strong><\/p>\n<p>Las visitas se desarrollar\u00e1n en los siguientes horarios que se detallan a continuaci\u00f3n:<\/p>\n<p>La <strong>Casa Museo Miguel Hern\u00e1ndez<\/strong> tendr\u00e1 visitas guiadas\u00a0\u00a0todos los d\u00edas excepto domingo tarde y lunes por descanso del personal,\u00a0\u00a0a las 10,30, 11,30 y 12,30 horas\u00a0\u00a0y por la tarde a las\u00a0\u00a017,30 y 18,30 horas.<\/p>\n<p><strong>Museo de la Muralla<\/strong> visita guiada horario, 11:00, 12:00 Y 13:00 horas y por la tarde 18:00 y 19:00 horas.<\/p>\n<p><a href=\"http:\/\/cultura.orihuela.es\/wp-content\/uploads\/2018\/07\/visitas-concejalia-de-cultura-orihuela.jpg\"><img loading=\"lazy\" decoding=\"async\" class=\"aligncenter size-full wp-image-211030\" src=\"http:\/\/cultura.orihuela.es\/wp-content\/uploads\/2018\/07\/visitas-concejalia-de-cultura-orihuela.jpg\" alt=\"\" width=\"800\" height=\"800\" \/><\/a><\/p>\n<p>&nbsp;<\/p>\n","protected":false},"excerpt":{"rendered":"<p>Mar Ezcurra, concejala de Cultura, ha comunicado esta ma\u00f1ana que desde este lunes 23 de julio y hasta el 15 de septiembre,\u00a0\u00a0se pone en funcionamiento las visitas guiadas gratuitas en<a href=\"https:\/\/cultura.orihuela.es\/?p=215260\" class=\"exp-read-more exp-read-more-dots\">&#8230;<\/a><\/p>\n","protected":false},"author":1,"featured_media":212770,"comment_status":"open","ping_status":"open","sticky":false,"template":"","format":"standard","meta":{"footnotes":""},"categories":[],"tags":[229],"yst_prominent_words":[979,975,972,666,605,983,978,658,986,655,630,984,981,973,980,976,985,982,977,974],"class_list":["post-215260","post","type-post","status-publish","format-standard","has-post-thumbnail","hentry","tag-visitas"],"_links":{"self":[{"href":"https:\/\/cultura.orihuela.es\/index.php?rest_route=\/wp\/v2\/posts\/215260","targetHints":{"allow":["GET"]}}],"collection":[{"href":"https:\/\/cultura.orihuela.es\/index.php?rest_route=\/wp\/v2\/posts"}],"about":[{"href":"https:\/\/cultura.orihuela.es\/index.php?rest_route=\/wp\/v2\/types\/post"}],"author":[{"embeddable":true,"href":"https:\/\/cultura.orihuela.es\/index.php?rest_route=\/wp\/v2\/users\/1"}],"replies":[{"embeddable":true,"href":"https:\/\/cultura.orihuela.es\/index.php?rest_route=%2Fwp%2Fv2%2Fcomments&post=215260"}],"version-history":[{"count":0,"href":"https:\/\/cultura.orihuela.es\/index.php?rest_route=\/wp\/v2\/posts\/215260\/revisions"}],"wp:featuredmedia":[{"embeddable":true,"href":"https:\/\/cultura.orihuela.es\/index.php?rest_route=\/wp\/v2\/media\/212770"}],"wp:attachment":[{"href":"https:\/\/cultura.orihuela.es\/index.php?rest_route=%2Fwp%2Fv2%2Fmedia&parent=215260"}],"wp:term":[{"taxonomy":"category","embeddable":true,"href":"https:\/\/cultura.orihuela.es\/index.php?rest_route=%2Fwp%2Fv2%2Fcategories&post=215260"},{"taxonomy":"post_tag","embeddable":true,"href":"https:\/\/cultura.orihuela.es\/index.php?rest_route=%2Fwp%2Fv2%2Ftags&post=215260"},{"taxonomy":"yst_prominent_words","embeddable":true,"href":"https:\/\/cultura.orihuela.es\/index.php?rest_route=%2Fwp%2Fv2%2Fyst_prominent_words&post=215260"}],"curies":[{"name":"wp","href":"https:\/\/api.w.org\/{rel}","templated":true}]}}