{"id":215259,"date":"2018-07-26T11:22:57","date_gmt":"2018-07-26T11:22:57","guid":{"rendered":"https:\/\/culturaorihuela.com\/cultura-y-juventud-animan-las-noches-de-verano-con-teatro-cine-humor\/"},"modified":"2018-07-26T11:22:57","modified_gmt":"2018-07-26T11:22:57","slug":"cultura-y-juventud-animan-las-noches-de-verano-con-teatro-cine-humor","status":"publish","type":"post","link":"https:\/\/cultura.orihuela.es\/?p=215259","title":{"rendered":"Cultura y Juventud animan las noches de verano con teatro, cine, humor."},"content":{"rendered":"<p>La concejala de Cultura y Juventud, Mar Ezcurra, ha presentado hoy las actividades culturales y l\u00fadicas que se desarrollar\u00e1n en Orihuela durante el mes de agosto. Actividades que en esta ocasi\u00f3n tienen a los m\u00e1s peque\u00f1os como protagonistas con teatros, musicales y hasta una verbena infantil.<\/p>\n<p>&nbsp;<\/p>\n<p>As\u00ed, los mi\u00e9rcoles a partir de las 22 horas y con entrada libre, la glorieta Gabriel Mir\u00f3 de Orihuela ha sido el lugar elegido para ubicar estas actuaciones que comenzar\u00e1n el 1 de agosto con el teatro infantil <strong>`Hab\u00eda una vez el mundo\u00b4, \u201cuna historia llena de peque\u00f1as historias narradas con mucho humor y de alto valor pedag\u00f3gico, que fomenta el amor y respeto por nuestros mayores. Tambi\u00e9n nos ayuda a conocer y respetar las diferentes culturas y modos de vida que se dan en otros pa\u00edses\u201d,<\/strong> ha adelantado Ezcurra.<\/p>\n<p>El 8 de agosto tendr\u00e1 lugar el musical `<strong>La leyenda del le\u00f3n\u00b4, un espect\u00e1culo familiar que \u201cpretende transmitir un canto y mensaje de respeto a la diversidad como pilar fundamental en la erradicaci\u00f3n del racismo, la xenofobia y la intolerancia, as\u00ed como los valores de la familia y la solidaridad, el amor por la naturaleza y los animales\u201d. <\/strong><\/p>\n<p>La programaci\u00f3n contin\u00faa con el teatro `Los tres mosquiteros\u00b4 el 15 de agosto. Una obra teatral familiar en la que tres mosquitos luchar\u00e1n contra los malvados con mucho humor.<\/p>\n<p>Y para finalizar esta programaci\u00f3n infantil de verano las concejal\u00edas de Cultura y Juventud ha organizado una gran verbena infantil que se celebrar\u00e1, tambi\u00e9n en la glorieta Gabriel Mir\u00f3, el 29 de agosto. `Pepi Calzaslargas y la banda pirata\u00b4 har\u00e1n a toda la familia bailar, cantar y re\u00edrse sin parar.<\/p>\n<p>Antes de todas las actuaciones, durante la tarde, se instalar\u00e1n hinchables y habr\u00e1 actividades l\u00fadicas para los m\u00e1s peque\u00f1os.<\/p>\n<p>A todas estas actividades hay que a\u00f1adir el <strong>Cine de Verano <\/strong>organizado tambi\u00e9n por la concejal\u00eda de Juventud y que durante el 16 al 24 de agosto recorrer\u00e1 los barrios de San Pedro y San Isidro y las pedan\u00edas de La Murada, La Media Legua, Arneva y Raiguero de Bonanza para acabar en la glorieta Gabriel Mir\u00f3. Cine de verano en plazas y calles del municipio que ir\u00e1n en doble sesi\u00f3n, infantil y familiar.<\/p>\n<p>La Media Legua tambi\u00e9n acoger\u00e1 un concierto de m\u00fasica a cargo del grupo Calle Botica y que contar\u00e1 con la actuaci\u00f3n del grupo de sevillanas La Cartuja de La Campaneta. Ser\u00e1 el 3 de agosto a las 22 horas, tambi\u00e9n con entrada libre.<\/p>\n<p>Y como colof\u00f3n a esta programaci\u00f3n estival, la concejala de Cultura y Juventud tambi\u00e9n ha organizado el ya tradicional concierto del 7 de septiembre para celebrar la festividad de la patrona. Un concierto que se presentar\u00e1 en los pr\u00f3ximos d\u00edas.<\/p>\n<p>&nbsp;<\/p>\n","protected":false},"excerpt":{"rendered":"<p>La concejala de Cultura y Juventud, Mar Ezcurra, ha presentado hoy las actividades culturales y l\u00fadicas que se desarrollar\u00e1n en Orihuela durante el mes de agosto. Actividades que en esta<a href=\"https:\/\/cultura.orihuela.es\/?p=215259\" class=\"exp-read-more exp-read-more-dots\">&#8230;<\/a><\/p>\n","protected":false},"author":1,"featured_media":212605,"comment_status":"open","ping_status":"open","sticky":false,"template":"","format":"standard","meta":{"footnotes":""},"categories":[],"tags":[20,226],"yst_prominent_words":[1058,1099,1090,635,624,666,637,873,1118,1116,1112,1115,1111,1110,787,854,1114,1117,875,1113],"class_list":["post-215259","post","type-post","status-publish","format-standard","has-post-thumbnail","hentry","tag-actividades-verano","tag-verano-cine-de-verano"],"_links":{"self":[{"href":"https:\/\/cultura.orihuela.es\/index.php?rest_route=\/wp\/v2\/posts\/215259","targetHints":{"allow":["GET"]}}],"collection":[{"href":"https:\/\/cultura.orihuela.es\/index.php?rest_route=\/wp\/v2\/posts"}],"about":[{"href":"https:\/\/cultura.orihuela.es\/index.php?rest_route=\/wp\/v2\/types\/post"}],"author":[{"embeddable":true,"href":"https:\/\/cultura.orihuela.es\/index.php?rest_route=\/wp\/v2\/users\/1"}],"replies":[{"embeddable":true,"href":"https:\/\/cultura.orihuela.es\/index.php?rest_route=%2Fwp%2Fv2%2Fcomments&post=215259"}],"version-history":[{"count":0,"href":"https:\/\/cultura.orihuela.es\/index.php?rest_route=\/wp\/v2\/posts\/215259\/revisions"}],"wp:featuredmedia":[{"embeddable":true,"href":"https:\/\/cultura.orihuela.es\/index.php?rest_route=\/wp\/v2\/media\/212605"}],"wp:attachment":[{"href":"https:\/\/cultura.orihuela.es\/index.php?rest_route=%2Fwp%2Fv2%2Fmedia&parent=215259"}],"wp:term":[{"taxonomy":"category","embeddable":true,"href":"https:\/\/cultura.orihuela.es\/index.php?rest_route=%2Fwp%2Fv2%2Fcategories&post=215259"},{"taxonomy":"post_tag","embeddable":true,"href":"https:\/\/cultura.orihuela.es\/index.php?rest_route=%2Fwp%2Fv2%2Ftags&post=215259"},{"taxonomy":"yst_prominent_words","embeddable":true,"href":"https:\/\/cultura.orihuela.es\/index.php?rest_route=%2Fwp%2Fv2%2Fyst_prominent_words&post=215259"}],"curies":[{"name":"wp","href":"https:\/\/api.w.org\/{rel}","templated":true}]}}