{"id":215257,"date":"2018-08-07T15:21:24","date_gmt":"2018-08-07T15:21:24","guid":{"rendered":"https:\/\/culturaorihuela.com\/el-festival-del-mediterraneo-reunira-del-10-al-16-de-septiembre-en-orihuela-a-grandes-virtuosos-de-la-guitarra\/"},"modified":"2018-08-07T15:21:24","modified_gmt":"2018-08-07T15:21:24","slug":"el-festival-del-mediterraneo-reunira-del-10-al-16-de-septiembre-en-orihuela-a-grandes-virtuosos-de-la-guitarra","status":"publish","type":"post","link":"https:\/\/cultura.orihuela.es\/?p=215257","title":{"rendered":"El Festival del Mediterr\u00e1neo reunir\u00e1 del 10 al 16 de septiembre en Orihuela a grandes virtuosos de la guitarra"},"content":{"rendered":"<p>El alcalde de Orihuela, Emilio Bascu\u00f1ana, present\u00f3 este lunes el Festival de Guitarra del Mediterr\u00e1neo, que se celebrar\u00e1 en Orihuela del lunes 10 al domingo 16 de septiembre y reunir\u00e1, durante esa semana, conciertos gratuitos de guitarristas de diferentes estilos <strong>\u201cen lugares emblem\u00e1ticos del municipio como la plaza de Las Cadenas de la Catedral de Orihuela, la plaza de Ram\u00f3n Sij\u00e9, el claustro de la Biblioteca Municipal Mar\u00eda Moliner, as\u00ed como en Orihuela Costa\u201d<\/strong>, tal y como inform\u00f3 la concejal de Cultura, Mar Ezcurra.<\/p>\n<p>Tanto la edil como el alcalde estuvieron acompa\u00f1ados por el guitarrista Jos\u00e9 Luis Mart\u00ednez. Bascu\u00f1ana agradeci\u00f3 a Casa Mediterr\u00e1neo y a todas las concejal\u00edas implicadas el trabajo realizado para la organizaci\u00f3n de este festival, <strong>\u201cque va a poner a Orihuela en el foco internacional de la guitarra\u201d<\/strong> y que <strong>\u201cnos har\u00e1 disfrutar de los rincones especiales de nuestra ciudad para vivir las sensaciones que vivi\u00f3 Miguel Hern\u00e1ndez de la mano de estos grandes maestros, dotando a Orihuela durante esa semana de un atractivo muy importante\u201d<\/strong>.<\/p>\n<p>Por su parte, la edil de Cultura manifest\u00f3 que <strong>\u201cesta importante actividad cultural servir\u00e1 para llenar de vida, m\u00fasica y cultura la ciudad despu\u00e9s de las vacaciones de verano, sirviendo como continuaci\u00f3n a las fiestas a nuestra patrona, la Virgen de Monserrate\u201d<\/strong>, que se celebrar\u00e1n en Orihuela una semana antes a este festival.<\/p>\n<p>Este certamen es fruto del convenio de colaboraci\u00f3n entre el Ayuntamiento de Orihuela y Casa Mediterr\u00e1neo para la realizaci\u00f3n de diferentes actividades culturales. Entre los guitarristas que participar\u00e1n en el festival destacan Chencho Arias, quien realizar\u00e1 un homenaje en el Rinc\u00f3n Hernandiano a la figura del poeta Miguel Hern\u00e1ndez, el propio Jos\u00e9 Luis Mart\u00ednez, los serbio-bosnios D\u00fao Levante, el italiano Edoardo Catemario, el griego Dimitris Kotronakis, y el espect\u00e1culo flamenco del turco Ezgi Anil \u201cPaquito\u201d en Orihuela Costa.<\/p>\n<p>Los conciertos ser\u00e1n gratuitos y en horario vespertino, reuniendo finalmente durante la ma\u00f1ana del domingo 16 a todos los int\u00e9rpretes en un espect\u00e1culo que servir\u00e1 como clausura del festival.<\/p>\n<p>Adem\u00e1s de estos conciertos, y <strong>\u201caprovechando la presencia de estos maestros que vienen de fuera, nos unimos al conservatorio municipal, que es el alma musical de todas las ciudades, para que dejen su huella en sus alumnos\u201d<\/strong>, manifest\u00f3 Jos\u00e9 Luis Mart\u00ednez, donde los int\u00e9rpretes de este festival impartir\u00e1n varias <em>masterclass<\/em> a las j\u00f3venes promesas del Conservatorio Municipal de M\u00fasica Pedro Terol de Orihuela, tambi\u00e9n abiertas a la ciudadan\u00eda.<\/p>\n<p>El primer edil expres\u00f3 su invitaci\u00f3n a los ciudadanos de Orihuela y tambi\u00e9n de poblaciones cercanas para disfrutar del municipio y de este festival, que <strong>\u201csea el inicio de algo que pueda tener continuidad en a\u00f1os sucesivos, remarcando la capitalidad cultural que tiene esta ciudad desde hace tantos siglos\u201d<\/strong>.<\/p>\n","protected":false},"excerpt":{"rendered":"<p>El alcalde de Orihuela, Emilio Bascu\u00f1ana, present\u00f3 este lunes el Festival de Guitarra del Mediterr\u00e1neo, que se celebrar\u00e1 en Orihuela del lunes 10 al domingo 16 de septiembre y reunir\u00e1,<a href=\"https:\/\/cultura.orihuela.es\/?p=215257\" class=\"exp-read-more exp-read-more-dots\">&#8230;<\/a><\/p>\n","protected":false},"author":1,"featured_media":215258,"comment_status":"open","ping_status":"open","sticky":false,"template":"","format":"standard","meta":{"footnotes":""},"categories":[],"tags":[86,87],"yst_prominent_words":[832,1069,1109,692,1105,666,1103,1076,936,1106,903,1101,1107,1102,1108,1073,630,615,526,1104],"class_list":["post-215257","post","type-post","status-publish","format-standard","has-post-thumbnail","hentry","tag-festival-guitarra","tag-festival-mediterraneo"],"_links":{"self":[{"href":"https:\/\/cultura.orihuela.es\/index.php?rest_route=\/wp\/v2\/posts\/215257","targetHints":{"allow":["GET"]}}],"collection":[{"href":"https:\/\/cultura.orihuela.es\/index.php?rest_route=\/wp\/v2\/posts"}],"about":[{"href":"https:\/\/cultura.orihuela.es\/index.php?rest_route=\/wp\/v2\/types\/post"}],"author":[{"embeddable":true,"href":"https:\/\/cultura.orihuela.es\/index.php?rest_route=\/wp\/v2\/users\/1"}],"replies":[{"embeddable":true,"href":"https:\/\/cultura.orihuela.es\/index.php?rest_route=%2Fwp%2Fv2%2Fcomments&post=215257"}],"version-history":[{"count":0,"href":"https:\/\/cultura.orihuela.es\/index.php?rest_route=\/wp\/v2\/posts\/215257\/revisions"}],"wp:featuredmedia":[{"embeddable":true,"href":"https:\/\/cultura.orihuela.es\/index.php?rest_route=\/wp\/v2\/media\/215258"}],"wp:attachment":[{"href":"https:\/\/cultura.orihuela.es\/index.php?rest_route=%2Fwp%2Fv2%2Fmedia&parent=215257"}],"wp:term":[{"taxonomy":"category","embeddable":true,"href":"https:\/\/cultura.orihuela.es\/index.php?rest_route=%2Fwp%2Fv2%2Fcategories&post=215257"},{"taxonomy":"post_tag","embeddable":true,"href":"https:\/\/cultura.orihuela.es\/index.php?rest_route=%2Fwp%2Fv2%2Ftags&post=215257"},{"taxonomy":"yst_prominent_words","embeddable":true,"href":"https:\/\/cultura.orihuela.es\/index.php?rest_route=%2Fwp%2Fv2%2Fyst_prominent_words&post=215257"}],"curies":[{"name":"wp","href":"https:\/\/api.w.org\/{rel}","templated":true}]}}