{"id":215167,"date":"2019-11-14T19:52:25","date_gmt":"2019-11-14T19:52:25","guid":{"rendered":"https:\/\/culturaorihuela.com\/la-concejalia-de-cultura-presenta-el-concurso-de-belenes-del-municipio-de-orihuela-con-importantes-novedades\/"},"modified":"2019-11-14T19:52:25","modified_gmt":"2019-11-14T19:52:25","slug":"la-concejalia-de-cultura-presenta-el-concurso-de-belenes-del-municipio-de-orihuela-con-importantes-novedades","status":"publish","type":"post","link":"https:\/\/cultura.orihuela.es\/?p=215167","title":{"rendered":"La Concejal\u00eda de Cultura presenta el Concurso de Belenes del Municipio de Orihuela con importantes novedades"},"content":{"rendered":"<p>La concejal de Cultura, Mar Ezcurra, ha presentado este jueves la 18\u00ba edici\u00f3n del Concurso de Belenes del Municipio de Orihuela, que este a\u00f1o cuenta con diferentes novedades con la finalidad de <strong>\u201cpromocionar una manifestaci\u00f3n cultural de arraigo y tradici\u00f3n popular como es el bel\u00e9n de Navidad y dar vida con una actividad tan familiar como esta a nuestro municipio en estas fechas tan se\u00f1aladas\u201d,<\/strong> tal y como ha asegurado la edil.<\/p>\n<p>A partir de ma\u00f1ana viernes y hasta el pr\u00f3ximo 14 de diciembre se podr\u00e1n presentar las solicitudes a trav\u00e9s del Registro General del Ayuntamiento de Orihuela, recogiendo el modelo de solicitud en el punto de informaci\u00f3n del Consistorio o a trav\u00e9s de la Sede Electr\u00f3nica.<\/p>\n<p style=\"text-align: center;\"><strong><div  class=\"tatsu-module tatsu-normal-button tatsu-button-wrap align-block block-  tatsu-icoqqbbgznv2hj   \"><a class=\"tatsu-shortcode bigbtn tatsu-button left-icon    bg-animation-none  \" href=\"#\" style= \"\" data-animation=\"fadeIn\"   aria-label=\"\" data-gdpr-atts={} ><\/a><style>.tatsu-icoqqbbgznv2hj .tatsu-button{color: orange ;}<\/style><\/div> <\/strong><\/p>\n<p>De esta manera, podr\u00e1n participar en este concurso todas las personas residentes en el municipio de Orihuela, a t\u00edtulo personal y entidades como las docentes (guarder\u00edas, colegios, institutos, universidad\u2026), Cofrad\u00edas, Hermandades y Mayordom\u00edas de la Semana Santa, conventos, parroquias, establecimientos comerciales o asociaciones, entre otros.<\/p>\n<p>Seg\u00fan ha explicado la edil de Cultura, los participantes deber\u00e1n exponer sus belenes al p\u00fablico del 21 de diciembre al 6 de enero y participar\u00e1n en la Ruta del Bel\u00e9n que se organizar\u00e1 desde Cultura esta navidad. <strong>\u201cBuscamos con este concurso y con las actividades en torno al mismo mantener la tradici\u00f3n del bel\u00e9n, fomentar su creaci\u00f3n y su instalaci\u00f3n en los hogares, colegios y establecimientos\u201d, <\/strong>ha asegurado Ezcurra.<\/p>\n<p>La novedad de esta edici\u00f3n son las cuatro modalidades para participar: <strong>Familiar<\/strong>, dirigida a belenes que instale la familia en su propio domicilio. Esta categor\u00eda tendr\u00e1 dos premios, uno para la familia y otro para menores de edad. La segunda categor\u00eda es la de <strong>Colegios,<\/strong> para belenes realizados por escolares y ubicados en los correspondientes centros educativos. La tercera categor\u00eda est\u00e1 dedicada a <strong>Dioramas,<\/strong> mientras que la cuarta ser\u00e1 para aquellos <strong>belenes de asociaciones, establecimientos comerciales, conventos, parroquias y cofrad\u00edas, hermandades y mayordom\u00edas de Semana Santa.<\/strong><\/p>\n<p>La edil de Cultura ha avanzado tambi\u00e9n que otra de las novedades <strong>\u201cser\u00e1 la entrega de un premio especial de entre todos los belenes presentados a concurso a aquel que, a juicio del jurado, destaque especialmente por su originalidad, riqueza art\u00edstica y especial dedicaci\u00f3n en el trabajo realizado\u201d.<\/strong><\/p>\n<p>Asimismo, se premiar\u00e1 en todas las categor\u00edas la originalidad, la complejidad del montaje, la calidad art\u00edstica, el n\u00famero de participantes y la accesibilidad del bel\u00e9n. Los premios est\u00e1n patrocinados por Caja Rural Central y por la Concejal\u00eda de Cultura. Los ganadores recibir\u00e1n un trofeo, un diploma y un gran regalo personalizado.<\/p>\n<p>Ezcurra ha animado a toda la ciudadan\u00eda de Orihuela a participar en este concurso <strong>\u201cpara continuar fomentando la tradici\u00f3n del bel\u00e9n y engalanar m\u00e1s nuestra navidad\u201d.<\/strong><\/p>\n<p><a href=\"http:\/\/cultura.orihuela.es\/wp-content\/uploads\/2019\/11\/Resolucio\u0301n-CONCEJALA-DE-CULTURA-XVIII-Concurso-Belenes-Navidad-2019.pdf\"><img loading=\"lazy\" decoding=\"async\" class=\"aligncenter wp-image-211753 size-full\" src=\"http:\/\/cultura.orihuela.es\/wp-content\/uploads\/2019\/11\/belenes-orihuela-2019.jpg\" alt=\"\" width=\"6016\" height=\"4000\" \/><\/a><\/p>\n","protected":false},"excerpt":{"rendered":"<p>La concejal de Cultura, Mar Ezcurra, ha presentado este jueves la 18\u00ba edici\u00f3n del Concurso de Belenes del Municipio de Orihuela, que este a\u00f1o cuenta con diferentes novedades con la<a href=\"https:\/\/cultura.orihuela.es\/?p=215167\" class=\"exp-read-more exp-read-more-dots\">&#8230;<\/a><\/p>\n","protected":false},"author":1,"featured_media":215138,"comment_status":"open","ping_status":"open","sticky":false,"template":"","format":"standard","meta":{"footnotes":""},"categories":[],"tags":[32,146],"yst_prominent_words":[712,714,1588,1583,722,1589,666,1076,1586,1590,605,1585,919,914,560,526,848,1584,1190,1587],"class_list":["post-215167","post","type-post","status-publish","format-standard","has-post-thumbnail","hentry","tag-belenes","tag-navidad"],"_links":{"self":[{"href":"https:\/\/cultura.orihuela.es\/index.php?rest_route=\/wp\/v2\/posts\/215167","targetHints":{"allow":["GET"]}}],"collection":[{"href":"https:\/\/cultura.orihuela.es\/index.php?rest_route=\/wp\/v2\/posts"}],"about":[{"href":"https:\/\/cultura.orihuela.es\/index.php?rest_route=\/wp\/v2\/types\/post"}],"author":[{"embeddable":true,"href":"https:\/\/cultura.orihuela.es\/index.php?rest_route=\/wp\/v2\/users\/1"}],"replies":[{"embeddable":true,"href":"https:\/\/cultura.orihuela.es\/index.php?rest_route=%2Fwp%2Fv2%2Fcomments&post=215167"}],"version-history":[{"count":0,"href":"https:\/\/cultura.orihuela.es\/index.php?rest_route=\/wp\/v2\/posts\/215167\/revisions"}],"wp:featuredmedia":[{"embeddable":true,"href":"https:\/\/cultura.orihuela.es\/index.php?rest_route=\/wp\/v2\/media\/215138"}],"wp:attachment":[{"href":"https:\/\/cultura.orihuela.es\/index.php?rest_route=%2Fwp%2Fv2%2Fmedia&parent=215167"}],"wp:term":[{"taxonomy":"category","embeddable":true,"href":"https:\/\/cultura.orihuela.es\/index.php?rest_route=%2Fwp%2Fv2%2Fcategories&post=215167"},{"taxonomy":"post_tag","embeddable":true,"href":"https:\/\/cultura.orihuela.es\/index.php?rest_route=%2Fwp%2Fv2%2Ftags&post=215167"},{"taxonomy":"yst_prominent_words","embeddable":true,"href":"https:\/\/cultura.orihuela.es\/index.php?rest_route=%2Fwp%2Fv2%2Fyst_prominent_words&post=215167"}],"curies":[{"name":"wp","href":"https:\/\/api.w.org\/{rel}","templated":true}]}}