{"id":215165,"date":"2019-11-15T14:20:08","date_gmt":"2019-11-15T14:20:08","guid":{"rendered":"https:\/\/culturaorihuela.com\/cultura-trae-a-orihuela-a-los-mejores-tuiteros-para-homenajear-a-miguel-hernandez-con-sus-poemas\/"},"modified":"2019-11-15T14:20:08","modified_gmt":"2019-11-15T14:20:08","slug":"cultura-trae-a-orihuela-a-los-mejores-tuiteros-para-homenajear-a-miguel-hernandez-con-sus-poemas","status":"publish","type":"post","link":"https:\/\/cultura.orihuela.es\/?p=215165","title":{"rendered":"Cultura trae a Orihuela a los mejores tuiteros para homenajear a Miguel Hern\u00e1ndez con sus poemas"},"content":{"rendered":"<p>Mar Ezcurra, concejala de Cultura, ha presentado esta ma\u00f1ana el ciclo de charlas que ofrecer\u00e1n la semana que viene en Orihuela diez poetas contempor\u00e1neos que participaron en con sus escritos en el libro \u201cTenemos que hablar de muchas cosas\u201d, en homenaje a Miguel Hern\u00e1ndez.<\/p>\n<p>Defreds (@Defreds), poeta con m\u00e1s de 320.000 seguidores en Twitter, estar\u00e1 en Orihuela el pr\u00f3ximo lunes a partir de las 20 horas. <strong>\u201cEste joven poeta escogi\u00f3 para el libro en homenaje a Miguel Hern\u00e1ndez los poemas m\u00e1s cercanos del poeta oriolano, destacando una de las mejores poes\u00edas que se han dedicado a la ciudad de Madrid\u201d<\/strong>, ha adelantado Ezcurra.<\/p>\n<p>El martes ser\u00e1 el turno de Rub\u00e9n de la Cruz, m\u00e1s conocido como Xenon (@Xenon9), compositor, m\u00fasico y escritor espa\u00f1ol nacido en Alicante. \u00c9l destac\u00f3 \u201cla hermosura infinita\u201d del Cancionero y Romancero de Ausencias, \u201cobra que hace del amor el motor de reivindicaci\u00f3n y emancipaci\u00f3n individual y social\u201d.<\/p>\n<p>Carlos Salem (@carlossalem), escritor y periodista argentino, residente en Espa\u00f1a, es conocido tanto por su obra po\u00e9tica como por sus novelas negras. Estar\u00e1 en Orihuela el mi\u00e9rcoles y nos hablar\u00e1 sobre \u201cEl herido\u201d y la vigencia de la poes\u00eda de Miguel Hern\u00e1ndez.<\/p>\n<p>Sergio Carri\u00f3n (@sergiocarrion), escritor y poeta valenciano, \u201cempez\u00f3 a escribir para superar un ataque de tristeza, y como no pudo, sigui\u00f3 escribiendo por si acaso\u201d. Estar\u00e1 en Orihuela el jueves y nos recordar\u00e1 la voz de Miguel Hern\u00e1ndez a trav\u00e9s de sus poemas \u201cLa lluvia\u201d y \u201cSentado sobre los muertos\u201d.<\/p>\n<p>Victoria Ash (@VictoriaAsh_), escritora de poes\u00eda moderna \u201cgranadina de acento y coraz\u00f3n\u201d, cerrar\u00e1 este gran ciclo de encuentros el viernes 22 habl\u00e1ndonos de la poes\u00eda m\u00e1s rom\u00e1ntica de Miguel Hern\u00e1ndez. \u201cDe la humanidad que transmite en sus poes\u00edas\u201d, como ella misma explica.<\/p>\n<p>Todas las conferencias son gratuitas, se realizar\u00e1n a partir de las 20.00h y al t\u00e9rmino de las mismas los autores firmar\u00e1n sus libros a los asistentes que lo deseen.<\/p>\n<p><strong>\u201cEs un privilegio contar con este ciclo de charlas en Orihuela. Una oportunidad \u00fanica para disfrutar de estos j\u00f3venes escritores y homenajear a nuestro poeta Miguel Hern\u00e1ndez\u201d<\/strong>, ha explicado Mar Ezcurra.<\/p>\n<p><a href=\"http:\/\/cultura.orihuela.es\/wp-content\/uploads\/2019\/11\/tuiteros-miguel-hernandez.png\"><img loading=\"lazy\" decoding=\"async\" class=\"aligncenter size-full wp-image-211769\" src=\"http:\/\/cultura.orihuela.es\/wp-content\/uploads\/2019\/11\/tuiteros-miguel-hernandez.png\" alt=\"\" width=\"698\" height=\"997\" \/><\/a><\/p>\n<p>&nbsp;<\/p>\n","protected":false},"excerpt":{"rendered":"<p>Mar Ezcurra, concejala de Cultura, ha presentado esta ma\u00f1ana el ciclo de charlas que ofrecer\u00e1n la semana que viene en Orihuela diez poetas contempor\u00e1neos que participaron en con sus escritos<a href=\"https:\/\/cultura.orihuela.es\/?p=215165\" class=\"exp-read-more exp-read-more-dots\">&#8230;<\/a><\/p>\n","protected":false},"author":1,"featured_media":215166,"comment_status":"open","ping_status":"open","sticky":false,"template":"","format":"standard","meta":{"footnotes":""},"categories":[],"tags":[132,219],"yst_prominent_words":[1580,1259,1577,1578,605,658,661,643,627,1062,798,562,655,630,526,1361,1581,1579,1582,664],"class_list":["post-215165","post","type-post","status-publish","format-standard","has-post-thumbnail","hentry","tag-miguel-hernandez","tag-tuiteros"],"_links":{"self":[{"href":"https:\/\/cultura.orihuela.es\/index.php?rest_route=\/wp\/v2\/posts\/215165","targetHints":{"allow":["GET"]}}],"collection":[{"href":"https:\/\/cultura.orihuela.es\/index.php?rest_route=\/wp\/v2\/posts"}],"about":[{"href":"https:\/\/cultura.orihuela.es\/index.php?rest_route=\/wp\/v2\/types\/post"}],"author":[{"embeddable":true,"href":"https:\/\/cultura.orihuela.es\/index.php?rest_route=\/wp\/v2\/users\/1"}],"replies":[{"embeddable":true,"href":"https:\/\/cultura.orihuela.es\/index.php?rest_route=%2Fwp%2Fv2%2Fcomments&post=215165"}],"version-history":[{"count":0,"href":"https:\/\/cultura.orihuela.es\/index.php?rest_route=\/wp\/v2\/posts\/215165\/revisions"}],"wp:featuredmedia":[{"embeddable":true,"href":"https:\/\/cultura.orihuela.es\/index.php?rest_route=\/wp\/v2\/media\/215166"}],"wp:attachment":[{"href":"https:\/\/cultura.orihuela.es\/index.php?rest_route=%2Fwp%2Fv2%2Fmedia&parent=215165"}],"wp:term":[{"taxonomy":"category","embeddable":true,"href":"https:\/\/cultura.orihuela.es\/index.php?rest_route=%2Fwp%2Fv2%2Fcategories&post=215165"},{"taxonomy":"post_tag","embeddable":true,"href":"https:\/\/cultura.orihuela.es\/index.php?rest_route=%2Fwp%2Fv2%2Ftags&post=215165"},{"taxonomy":"yst_prominent_words","embeddable":true,"href":"https:\/\/cultura.orihuela.es\/index.php?rest_route=%2Fwp%2Fv2%2Fyst_prominent_words&post=215165"}],"curies":[{"name":"wp","href":"https:\/\/api.w.org\/{rel}","templated":true}]}}