{"id":215163,"date":"2019-11-19T13:30:27","date_gmt":"2019-11-19T13:30:27","guid":{"rendered":"https:\/\/culturaorihuela.com\/orihuela-celebra-durante-cuatro-dias-santa-cecilia\/"},"modified":"2019-11-19T13:30:27","modified_gmt":"2019-11-19T13:30:27","slug":"orihuela-celebra-durante-cuatro-dias-santa-cecilia","status":"publish","type":"post","link":"https:\/\/cultura.orihuela.es\/?p=215163","title":{"rendered":"Orihuela celebra durante cuatro d\u00edas Santa Cecilia"},"content":{"rendered":"<p>Las concejal\u00edas de Cultura y Educaci\u00f3n, en colaboraci\u00f3n con el Conservatorio Profesional de M\u00fasica Pedro Terol de Orihuela, ha programado una serie de conciertos y pasacalles durante los d\u00edas 20, 21, 22 y 23 de noviembre para conmemorar Santa Cecilia, patrona de la m\u00fasica.<\/p>\n<p>En Orihuela los conciertos se celebraran en el Centro Cultural de la CAM, en el Convento de la Trinidad, en Santa Justa y Rufina, en el Palacio Episcopal y en el centro comercial Ociopia, mientras que en las pedan\u00edas los conciertos ser\u00e1n en las Iglesias de Hurchillo, Raiguero de Bonanza y La Campaneta. Los pasacalles trascurrir\u00e1n por las calles de Orihuela y Orihuela Costa.<\/p>\n<p>Los pasacalles los realizaran los Ideales y DACAPO. Para los conciertos se ha contado con la participaci\u00f3n con el Coro del Conservatorio Profesional de M\u00fasica Pedro Terol de Orihuela, Bohem Clarinet Ensemble, Asociaci\u00f3n Musical Nuestra Se\u00f1ora del Remedio de La Matanza y Juventud Musical de La Murada y la Uni\u00f3n L\u00edrica Orcelitana y grupos de percusi\u00f3n, metal y de c\u00e1mara.<\/p>\n<p>Mar Ezcurra, concejala de Cultura, ha explicado que <strong>\u201cdurante cuatro d\u00edas vamos a disfrutar de la m\u00fasica por todo lo alto con una amplia y variada programaci\u00f3n que se ha preparado con motivo de Santa Cecilia en Orihuela, pedan\u00edas y Orihuela Costa. Estando toda la programaci\u00f3n disponible en la web de Cultura\u201d.<\/strong><\/p>\n<p><a href=\"http:\/\/cultura.orihuela.es\/wp-content\/uploads\/2019\/11\/SANTA-CECILIA-2019.jpg\"><img loading=\"lazy\" decoding=\"async\" class=\"aligncenter size-full wp-image-211776\" src=\"http:\/\/cultura.orihuela.es\/wp-content\/uploads\/2019\/11\/SANTA-CECILIA-2019.jpg\" alt=\"\" width=\"1587\" height=\"2245\" \/><\/a><\/p>\n","protected":false},"excerpt":{"rendered":"<p>Las concejal\u00edas de Cultura y Educaci\u00f3n, en colaboraci\u00f3n con el Conservatorio Profesional de M\u00fasica Pedro Terol de Orihuela, ha programado una serie de conciertos y pasacalles durante los d\u00edas 20,<a href=\"https:\/\/cultura.orihuela.es\/?p=215163\" class=\"exp-read-more exp-read-more-dots\">&#8230;<\/a><\/p>\n","protected":false},"author":1,"featured_media":215164,"comment_status":"open","ping_status":"open","sticky":false,"template":"","format":"standard","meta":{"footnotes":""},"categories":[],"tags":[189],"yst_prominent_words":[692,1576,1570,1564,1561,666,694,1571,1567,1563,1104,1574,1572,1566,1568,1565,1562,1575,1573,1569],"class_list":["post-215163","post","type-post","status-publish","format-standard","has-post-thumbnail","hentry","tag-santa-cecilia"],"_links":{"self":[{"href":"https:\/\/cultura.orihuela.es\/index.php?rest_route=\/wp\/v2\/posts\/215163","targetHints":{"allow":["GET"]}}],"collection":[{"href":"https:\/\/cultura.orihuela.es\/index.php?rest_route=\/wp\/v2\/posts"}],"about":[{"href":"https:\/\/cultura.orihuela.es\/index.php?rest_route=\/wp\/v2\/types\/post"}],"author":[{"embeddable":true,"href":"https:\/\/cultura.orihuela.es\/index.php?rest_route=\/wp\/v2\/users\/1"}],"replies":[{"embeddable":true,"href":"https:\/\/cultura.orihuela.es\/index.php?rest_route=%2Fwp%2Fv2%2Fcomments&post=215163"}],"version-history":[{"count":0,"href":"https:\/\/cultura.orihuela.es\/index.php?rest_route=\/wp\/v2\/posts\/215163\/revisions"}],"wp:featuredmedia":[{"embeddable":true,"href":"https:\/\/cultura.orihuela.es\/index.php?rest_route=\/wp\/v2\/media\/215164"}],"wp:attachment":[{"href":"https:\/\/cultura.orihuela.es\/index.php?rest_route=%2Fwp%2Fv2%2Fmedia&parent=215163"}],"wp:term":[{"taxonomy":"category","embeddable":true,"href":"https:\/\/cultura.orihuela.es\/index.php?rest_route=%2Fwp%2Fv2%2Fcategories&post=215163"},{"taxonomy":"post_tag","embeddable":true,"href":"https:\/\/cultura.orihuela.es\/index.php?rest_route=%2Fwp%2Fv2%2Ftags&post=215163"},{"taxonomy":"yst_prominent_words","embeddable":true,"href":"https:\/\/cultura.orihuela.es\/index.php?rest_route=%2Fwp%2Fv2%2Fyst_prominent_words&post=215163"}],"curies":[{"name":"wp","href":"https:\/\/api.w.org\/{rel}","templated":true}]}}