{"id":215161,"date":"2019-11-19T15:01:17","date_gmt":"2019-11-19T15:01:17","guid":{"rendered":"https:\/\/culturaorihuela.com\/la-biblioteca-maria-moliner-acoge-este-miercoles-la-presentacion-del-libro-okio-no-dice-ni-pio-de-las-oriolanas-pura-ballester-y-rocio-egio\/"},"modified":"2019-11-19T15:01:17","modified_gmt":"2019-11-19T15:01:17","slug":"la-biblioteca-maria-moliner-acoge-este-miercoles-la-presentacion-del-libro-okio-no-dice-ni-pio-de-las-oriolanas-pura-ballester-y-rocio-egio","status":"publish","type":"post","link":"https:\/\/cultura.orihuela.es\/?p=215161","title":{"rendered":"La Biblioteca Mar\u00eda Moliner acoge este mi\u00e9rcoles la presentaci\u00f3n del libro \u201cOK\u00cdO no dice ni p\u00edo\u201d de las oriolanas Pura Ballester y Roc\u00edo Eg\u00edo"},"content":{"rendered":"<p>La concejala de Cultura y Juventud, Mar Ezcurra, ha presentado esta ma\u00f1ana el libro realizado por las j\u00f3venes oriolanas Pura Ballester y Roc\u00edo Eg\u00edo titulado \u201cOk\u00edo no dice ni p\u00edo\u201d.<\/p>\n<p><strong>\u201cSe trata de una publicaci\u00f3n que nos cuenta una historia para todos los p\u00fablicos de un ni\u00f1o con autismo. Su lectura nos ayudar\u00e1 a todos a desmitificar algunas cuestiones sobre el autismo y acercar esta peculiaridad a la sociedad, simplemente para hacerla presente\u201d,<\/strong> ha explicado Mar Ezcurra.<\/p>\n<p>Pura Ballester, investigadora de este trastorno, ha sido la escritora de este libro y la arquitecta Roc\u00edo Eg\u00edo se ha encargado de ilustrarlo.<\/p>\n<p><strong>\u201cDos j\u00f3venes oriolanas que destacan por su talento y su compromiso\u201d, <\/strong>ha comentado la edil de Cultura.<\/p>\n<p><strong>\u201cEl cuento intenta aclarar de una manera amigable y sencilla un mont\u00f3n de preguntas que se han hecho tanto los familiares como los profesores o amigos de personas diagnosticadas de T.E.A. y que no hablen<\/strong>\u201d, ha explicado Pura Ballester, investigadora cuya tesis est\u00e1 centrada en este transtorno.<\/p>\n<p><strong>\u201cPretendemos con este libro derribar las barreras que se han creado en torno al Trastorno des Espectro Autista y dar a conocer muchos aspectos desconocidos por muchos\u201d,<\/strong> ha adelantado Roc\u00edo Eg\u00edo, quien ha anunciado que continuar\u00e1n realizando proyectos a trav\u00e9s de este personaje.<\/p>\n<p>La concejal\u00eda de Cultura ha adquirido lotes de este libro para repartir en los colegios de Orihuela, en la Biblioteca Municipal Mar\u00eda Moliner y en los puntos de lectura del municipio.<\/p>\n<p>El libro se prestar\u00e1 este mi\u00e9rcoles, 20 de noviembre, en la Biblioteca Mar\u00eda Moliner a las 20 horas.<\/p>\n<p><a href=\"http:\/\/cultura.orihuela.es\/wp-content\/uploads\/2019\/11\/libro-cultura-okio-no-dice-ni-pio.jpeg\"><img loading=\"lazy\" decoding=\"async\" class=\"aligncenter size-full wp-image-211783\" src=\"http:\/\/cultura.orihuela.es\/wp-content\/uploads\/2019\/11\/libro-cultura-okio-no-dice-ni-pio.jpeg\" alt=\"\" width=\"1526\" height=\"2048\" \/><\/a><\/p>\n","protected":false},"excerpt":{"rendered":"<p>La concejala de Cultura y Juventud, Mar Ezcurra, ha presentado esta ma\u00f1ana el libro realizado por las j\u00f3venes oriolanas Pura Ballester y Roc\u00edo Eg\u00edo titulado \u201cOk\u00edo no dice ni p\u00edo\u201d.<a href=\"https:\/\/cultura.orihuela.es\/?p=215161\" class=\"exp-read-more exp-read-more-dots\">&#8230;<\/a><\/p>\n","protected":false},"author":1,"featured_media":215162,"comment_status":"open","ping_status":"open","sticky":false,"template":"","format":"standard","meta":{"footnotes":""},"categories":[],"tags":[34,119,172],"yst_prominent_words":[1557,1559,1554,1552,666,1556,605,1138,1551,1560,1062,798,562,524,1558,1553,1549,1548,1555,1550],"class_list":["post-215161","post","type-post","status-publish","format-standard","has-post-thumbnail","hentry","tag-biblioteca-maria-moliner","tag-libro","tag-presentacion-libro"],"_links":{"self":[{"href":"https:\/\/cultura.orihuela.es\/index.php?rest_route=\/wp\/v2\/posts\/215161","targetHints":{"allow":["GET"]}}],"collection":[{"href":"https:\/\/cultura.orihuela.es\/index.php?rest_route=\/wp\/v2\/posts"}],"about":[{"href":"https:\/\/cultura.orihuela.es\/index.php?rest_route=\/wp\/v2\/types\/post"}],"author":[{"embeddable":true,"href":"https:\/\/cultura.orihuela.es\/index.php?rest_route=\/wp\/v2\/users\/1"}],"replies":[{"embeddable":true,"href":"https:\/\/cultura.orihuela.es\/index.php?rest_route=%2Fwp%2Fv2%2Fcomments&post=215161"}],"version-history":[{"count":0,"href":"https:\/\/cultura.orihuela.es\/index.php?rest_route=\/wp\/v2\/posts\/215161\/revisions"}],"wp:featuredmedia":[{"embeddable":true,"href":"https:\/\/cultura.orihuela.es\/index.php?rest_route=\/wp\/v2\/media\/215162"}],"wp:attachment":[{"href":"https:\/\/cultura.orihuela.es\/index.php?rest_route=%2Fwp%2Fv2%2Fmedia&parent=215161"}],"wp:term":[{"taxonomy":"category","embeddable":true,"href":"https:\/\/cultura.orihuela.es\/index.php?rest_route=%2Fwp%2Fv2%2Fcategories&post=215161"},{"taxonomy":"post_tag","embeddable":true,"href":"https:\/\/cultura.orihuela.es\/index.php?rest_route=%2Fwp%2Fv2%2Ftags&post=215161"},{"taxonomy":"yst_prominent_words","embeddable":true,"href":"https:\/\/cultura.orihuela.es\/index.php?rest_route=%2Fwp%2Fv2%2Fyst_prominent_words&post=215161"}],"curies":[{"name":"wp","href":"https:\/\/api.w.org\/{rel}","templated":true}]}}