{"id":215159,"date":"2019-12-03T13:25:51","date_gmt":"2019-12-03T13:25:51","guid":{"rendered":"https:\/\/culturaorihuela.com\/cultura-abre-esta-navidad-el-museo-municipal-del-belen-en-el-santo-sepulcro-con-obras-cedidas-por-el-maestro-manuel-zambrana\/"},"modified":"2019-12-03T13:25:51","modified_gmt":"2019-12-03T13:25:51","slug":"cultura-abre-esta-navidad-el-museo-municipal-del-belen-en-el-santo-sepulcro-con-obras-cedidas-por-el-maestro-manuel-zambrana","status":"publish","type":"post","link":"https:\/\/cultura.orihuela.es\/?p=215159","title":{"rendered":"Cultura abre esta Navidad el Museo Municipal del Bel\u00e9n en el Santo Sepulcro con obras cedidas por el maestro Manuel Zambrana"},"content":{"rendered":"<p>Mar Ezcurra, concejala de Cultura, y el Maestro Belenista oriolano Manuel Zambrana han firmado esta ma\u00f1ana un Convenio para la para la cesi\u00f3n de parte de su important\u00edsima obra belen\u00edstica, con el fin de su exposici\u00f3n permanente en el futuro Museo Municipal del Bel\u00e9n que abrir\u00e1 sus puertas esta Navidad en el Santo Sepulcro de Orihuela.<\/p>\n<p><strong>\u201cGracias a la firma de este convenio, y sobre todo a la generosidad de Manuel Zambrana, Orihuela contar\u00e1 con un Museo del Bel\u00e9n abierto durante todo el a\u00f1o y con actividad permanente para continuar fomentando y disfrutando de una de las tradiciones que m\u00e1s arraigo posee en nuestra ciudad\u201d<\/strong>, ha explicado Mar Ezcurra.<\/p>\n<p>El Maestro Zambrana ha cedido de manera desinteresada al Ayuntamiento de Orihuela un total de 34 dioramas de escenas b\u00edblicas de gran calidad art\u00edstica realizados por \u00e9l mismo a lo largo de su vida y que conformar\u00e1n el Museo Municipal del Bel\u00e9n que abrir\u00e1 sus puertas gestionado por la Concejal\u00eda de Cultura el pr\u00f3ximo 18 de diciembre.<\/p>\n<p><strong>\u201cManuel Zambrana es un artista que se ha convertido en todo un referente en nuestro pa\u00eds y que tenemos la suerte de contar con \u00e9l y con su obra en Orihuela. Ahora, y gracias a este convenio que firmamos hoy, de manera permanente en el Museo Municipal del Bel\u00e9n\u201d<\/strong>, ha explicado la concejala de Cultura.<\/p>\n<p><strong>\u201cEs una ilusi\u00f3n poder ver mi obra belen\u00edstica expuesta en mi ciudad de manera permanente, es el fruto de toda mi vida dedicada al arte del Bel\u00e9n\u201d<\/strong>, ha asegurado Zambrana, quien ha anunciado que estar\u00e1 a disposici\u00f3n de quienes lo deseen para realizar talleres sobre la t\u00e9cnica belen\u00edstica y visitas guiadas en el nuevo Museo Municipal del Bel\u00e9n.<\/p>\n","protected":false},"excerpt":{"rendered":"<p>Mar Ezcurra, concejala de Cultura, y el Maestro Belenista oriolano Manuel Zambrana han firmado esta ma\u00f1ana un Convenio para la para la cesi\u00f3n de parte de su important\u00edsima obra belen\u00edstica,<a href=\"https:\/\/cultura.orihuela.es\/?p=215159\" class=\"exp-read-more exp-read-more-dots\">&#8230;<\/a><\/p>\n","protected":false},"author":1,"featured_media":215160,"comment_status":"open","ping_status":"open","sticky":false,"template":"","format":"standard","meta":{"footnotes":""},"categories":[],"tags":[31,146],"yst_prominent_words":[712,1547,635,1546,666,605,1545,1541,798,562,615,1539,981,1540,1538,874,1542,526,1544,1543],"class_list":["post-215159","post","type-post","status-publish","format-standard","has-post-thumbnail","hentry","tag-belen","tag-navidad"],"_links":{"self":[{"href":"https:\/\/cultura.orihuela.es\/index.php?rest_route=\/wp\/v2\/posts\/215159","targetHints":{"allow":["GET"]}}],"collection":[{"href":"https:\/\/cultura.orihuela.es\/index.php?rest_route=\/wp\/v2\/posts"}],"about":[{"href":"https:\/\/cultura.orihuela.es\/index.php?rest_route=\/wp\/v2\/types\/post"}],"author":[{"embeddable":true,"href":"https:\/\/cultura.orihuela.es\/index.php?rest_route=\/wp\/v2\/users\/1"}],"replies":[{"embeddable":true,"href":"https:\/\/cultura.orihuela.es\/index.php?rest_route=%2Fwp%2Fv2%2Fcomments&post=215159"}],"version-history":[{"count":0,"href":"https:\/\/cultura.orihuela.es\/index.php?rest_route=\/wp\/v2\/posts\/215159\/revisions"}],"wp:featuredmedia":[{"embeddable":true,"href":"https:\/\/cultura.orihuela.es\/index.php?rest_route=\/wp\/v2\/media\/215160"}],"wp:attachment":[{"href":"https:\/\/cultura.orihuela.es\/index.php?rest_route=%2Fwp%2Fv2%2Fmedia&parent=215159"}],"wp:term":[{"taxonomy":"category","embeddable":true,"href":"https:\/\/cultura.orihuela.es\/index.php?rest_route=%2Fwp%2Fv2%2Fcategories&post=215159"},{"taxonomy":"post_tag","embeddable":true,"href":"https:\/\/cultura.orihuela.es\/index.php?rest_route=%2Fwp%2Fv2%2Ftags&post=215159"},{"taxonomy":"yst_prominent_words","embeddable":true,"href":"https:\/\/cultura.orihuela.es\/index.php?rest_route=%2Fwp%2Fv2%2Fyst_prominent_words&post=215159"}],"curies":[{"name":"wp","href":"https:\/\/api.w.org\/{rel}","templated":true}]}}